{"id":38661,"date":"2016-06-21T18:12:33","date_gmt":"2016-06-21T23:12:33","guid":{"rendered":"http:\/\/www.biblia.work\/sermones\/preocupacion-solidaridad-y-oracion-del-papa-benedicto-xvi-por-los-damnificados-por-el-huracan-sandy\/"},"modified":"2016-06-21T18:12:33","modified_gmt":"2016-06-21T23:12:33","slug":"preocupacion-solidaridad-y-oracion-del-papa-benedicto-xvi-por-los-damnificados-por-el-huracan-sandy","status":"publish","type":"post","link":"https:\/\/www.biblia.work\/sermones\/preocupacion-solidaridad-y-oracion-del-papa-benedicto-xvi-por-los-damnificados-por-el-huracan-sandy\/","title":{"rendered":"Preocupaci\u00f3n, solidaridad y oraci\u00f3n del Papa Benedicto XVI por los damnificados por el hurac\u00e1n Sandy"},"content":{"rendered":"<p align=\"justify\">\u201dPreocupado por la devastaci\u00f3n que ha causado el hurac\u00e1n que se ha abatido recientemente sobre la costa oriental de Estados Unidos de Am\u00e9rica, rezo por las v\u00edctimas y manifiesto mi solidaridad a todos los que se dedican a las tareas de reconstrucci\u00f3n\u201d, dijo el Santo Padre al final de la catequesis de la audiencia general.<\/p>\n<p align=\"justify\">\u201cEn el contexto del mes del Rosario, que llega a su fin, y de la solemnidad de Todos los Santos que celebraremos ma\u00f1ana &#8211; afirm\u00f3, dirigi\u00e9ndose a los peregrinos polacos- demos gracias a Dios por el A\u00f1o de la Fe y tambi\u00e9n por el S\u00ednodo de los Obispos y sus orientaciones sobre la nueva evangelizaci\u00f3n\u201d.<\/p>\n<p align=\"justify\">Por \u00faltimo, salud\u00f3 en italiano a los rectores de las universidades cat\u00f3licas que se re\u00fanen estos d\u00edas en Roma, pidiendo que la peregrinaci\u00f3n a las tumbas de los ap\u00f3stoles refuerce en ellos \u201cel sentido de pertenencia a la Iglesia\u201d.<\/p>\n","protected":false},"excerpt":{"rendered":"<p>\u201dPreocupado por la devastaci\u00f3n que ha causado el hurac\u00e1n que se ha abatido recientemente sobre la costa oriental de Estados Unidos de Am\u00e9rica, rezo por las v\u00edctimas y manifiesto mi solidaridad a todos los que se dedican a las tareas de reconstrucci\u00f3n\u201d, dijo el Santo Padre al final de la catequesis de la audiencia general. &hellip; <a href=\"https:\/\/www.biblia.work\/sermones\/preocupacion-solidaridad-y-oracion-del-papa-benedicto-xvi-por-los-damnificados-por-el-huracan-sandy\/\" class=\"more-link\">Continuar leyendo<span class=\"screen-reader-text\"> \u00abPreocupaci\u00f3n, solidaridad y oraci\u00f3n del Papa Benedicto XVI por los damnificados por el hurac\u00e1n Sandy\u00bb<\/span><\/a><\/p>\n","protected":false},"author":1,"featured_media":0,"comment_status":"open","ping_status":"closed","sticky":false,"template":"","format":"standard","meta":{"footnotes":""},"categories":[1],"tags":[],"class_list":["post-38661","post","type-post","status-publish","format-standard","hentry","category-general"],"_links":{"self":[{"href":"https:\/\/www.biblia.work\/sermones\/wp-json\/wp\/v2\/posts\/38661","targetHints":{"allow":["GET"]}}],"collection":[{"href":"https:\/\/www.biblia.work\/sermones\/wp-json\/wp\/v2\/posts"}],"about":[{"href":"https:\/\/www.biblia.work\/sermones\/wp-json\/wp\/v2\/types\/post"}],"author":[{"embeddable":true,"href":"https:\/\/www.biblia.work\/sermones\/wp-json\/wp\/v2\/users\/1"}],"replies":[{"embeddable":true,"href":"https:\/\/www.biblia.work\/sermones\/wp-json\/wp\/v2\/comments?post=38661"}],"version-history":[{"count":0,"href":"https:\/\/www.biblia.work\/sermones\/wp-json\/wp\/v2\/posts\/38661\/revisions"}],"wp:attachment":[{"href":"https:\/\/www.biblia.work\/sermones\/wp-json\/wp\/v2\/media?parent=38661"}],"wp:term":[{"taxonomy":"category","embeddable":true,"href":"https:\/\/www.biblia.work\/sermones\/wp-json\/wp\/v2\/categories?post=38661"},{"taxonomy":"post_tag","embeddable":true,"href":"https:\/\/www.biblia.work\/sermones\/wp-json\/wp\/v2\/tags?post=38661"}],"curies":[{"name":"wp","href":"https:\/\/api.w.org\/{rel}","templated":true}]}}