{"id":38662,"date":"2016-06-21T18:12:37","date_gmt":"2016-06-21T23:12:37","guid":{"rendered":"http:\/\/www.biblia.work\/sermones\/la-fe-en-la-iglesia-es-el-tema-de-la-catequesis-de-la-audiencia-general-de-este-miercoles-del-papa-benedicto-xvi\/"},"modified":"2016-06-21T18:12:37","modified_gmt":"2016-06-21T23:12:37","slug":"la-fe-en-la-iglesia-es-el-tema-de-la-catequesis-de-la-audiencia-general-de-este-miercoles-del-papa-benedicto-xvi","status":"publish","type":"post","link":"https:\/\/www.biblia.work\/sermones\/la-fe-en-la-iglesia-es-el-tema-de-la-catequesis-de-la-audiencia-general-de-este-miercoles-del-papa-benedicto-xvi\/","title":{"rendered":"La fe en la Iglesia es el tema de la catequesis de la audiencia general de este mi\u00e9rcoles del Papa Benedicto XVI"},"content":{"rendered":"<p align=\"justify\">En la audiencia general de los mi\u00e9rcoles Benedicto XVI, continuando la catequesis sobre la fe cat\u00f3lica, parti\u00f3 esta vez de algunas preguntas: \u201c\u00bfTiene la fe s\u00f3lo un car\u00e1cter personal, individual?, \u00bfVivo la fe s\u00f3lo?\u201d.<\/p>\n<p align=\"justify\">\u201cCiertamente- dijo el Papa a los fieles reunidos en la Plaza de San Pedro- el acto de fe es eminentemente personal, es una experiencia \u00edntima que marca un cambio de direcci\u00f3n, una conversi\u00f3n personal (&#8230;) Pero este creer no es el resultado de una reflexi\u00f3n solitaria (&#8230;) sino el fruto de una relaci\u00f3n, de un di\u00e1logo (&#8230;) con Jes\u00fas que me hace salir de mi \u201cyo\u201d (&#8230;) para abrirme al amor de Dios Padre. Es como un renacer en que me descubro unido no s\u00f3lo a Jes\u00fas, sino tambi\u00e9n a todos los que han recorrido y recorren el mismo camino, y este nuevo nacimiento, que empieza con el bautismo, prosigue a lo largo de toda la existencia\u201d.<\/p>\n<p align=\"justify\">Sin embargo, observ\u00f3 el pont\u00edfice, \u201cla fe personal no puede construirse sobre un di\u00e1logo privado con Jes\u00fas porque la fe me la da Dios a trav\u00e9s de una comunidad creyente que es la Iglesia y me inserta en la multitud de creyentes en una comuni\u00f3n que no es s\u00f3lo sociol\u00f3gica, sino radicada en el amor eterno de Dios (&#8230;)El catecismo de la Iglesia Cat\u00f3lica lo resume de forma clara : \u201cCreer es un acto eclesial. La fe de la Iglesia precede, genera, sostiene y nutre nuestra fe. La Iglesia es la Madre de todos los creyentes\u201d.<\/p>\n<p align=\"justify\">Al principio de la aventura cristiana, cuando el Esp\u00edritu Santo desciende sobre los disc\u00edpulos el d\u00eda de Pentecost\u00e9s \u201cla Iglesia naciente recibe la fuerza para cumplir la misi\u00f3n que le confi\u00f3 el Se\u00f1or resucitado: difundir en todos los rincones de la tierra el Evangelio; la buena noticia del Reino de Dios y guiar as\u00ed a todos los hombres al encuentro con El, a la fe que salva (&#8230;) Inicia as\u00ed el camino de la Iglesia, comunidad que difunde este anuncio en el tiempo y en el espacio, comunidad que es el Pueblo de Dios (&#8230;) y cuyos miembros no pertenecen a un particular grupo social o \u00e9tnico: son hombres y mujeres procedentes de todas las naciones y todas las culturas. Es un pueblo \u201ccat\u00f3lico\u201d que habla lenguas nuevas, abierto universalmente para acoger a todos, m\u00e1s all\u00e1 de las fronteras, derribando todas las barreras\u201d.<\/p>\n<p align=\"justify\">\u201cLa Iglesia, desde el principio, es el lugar de la fe, el lugar de la transmisi\u00f3n de la fe (&#8230;) Hay una cadena ininterrumpida de vida de la Iglesia, de anuncio de la Palabra de Dios, de celebraci\u00f3n de los Sacramentos, que llega hasta nosotros y que llamamos Tradici\u00f3n; ella nos da la garant\u00eda de que lo creemos es el mensaje original de Cristo, predicado por los ap\u00f3stoles (&#8230;) En la comunidad eclesial la fe personal crece y madura\u201d.<\/p>\n<p align=\"justify\">Para ilustrar este punto el Papa explic\u00f3 que en el Nuevo Testamento el t\u00e9rmino \u201csantos\u201d designa a los cristianos en su conjunto y \u201cciertamente -dijo- no todos ten\u00edan las cualidades para ser declarados santos por la Iglesia\u201d. Este apelativo significaba que \u201caquellos que ten\u00edan fe (&#8230;) en Cristo resucitado estaban llamados a ser un punto de referencia para todos los dem\u00e1s, poni\u00e9ndolos as\u00ed en contacto con la persona y con el mensaje de Jes\u00fas que revela el rostro de Dios vivo (&#8230;) Esto es v\u00e1lido tambi\u00e9n para nosotros: un cristiano que, poco a poco, se deja guiar y plasmar por la fe de la Iglesia, a pesar de sus debilidades, sus l\u00edmites y dificultades, es como una ventana abierta a la luz del Dios vivo, que recibe esta luz y la refleja en el mundo\u201d.<\/p>\n<p align=\"justify\">\u201cLa tendencia, tan difundida hoy, a relegar la fe a la esfera privada contradice su misma naturaleza. Necesitamos a la Iglesia para confirmar nuestra fe y para experimentar juntos los dones de Dios (&#8230;) En un mundo donde el individualismo parece regir las relaciones entre las personas, haci\u00e9ndolas cada vez m\u00e1s fr\u00e1giles, la fe nos llama a ser Pueblo de Dios, a ser Iglesia, portadores del amor y de la comuni\u00f3n de Dios para todo el g\u00e9nero humano\u201d, finaliz\u00f3 el Santo Padre.<\/p>\n","protected":false},"excerpt":{"rendered":"<p>En la audiencia general de los mi\u00e9rcoles Benedicto XVI, continuando la catequesis sobre la fe cat\u00f3lica, parti\u00f3 esta vez de algunas preguntas: \u201c\u00bfTiene la fe s\u00f3lo un car\u00e1cter personal, individual?, \u00bfVivo la fe s\u00f3lo?\u201d. \u201cCiertamente- dijo el Papa a los fieles reunidos en la Plaza de San Pedro- el acto de fe es eminentemente personal, &hellip; <a href=\"https:\/\/www.biblia.work\/sermones\/la-fe-en-la-iglesia-es-el-tema-de-la-catequesis-de-la-audiencia-general-de-este-miercoles-del-papa-benedicto-xvi\/\" class=\"more-link\">Continuar leyendo<span class=\"screen-reader-text\"> \u00abLa fe en la Iglesia es el tema de la catequesis de la audiencia general de este mi\u00e9rcoles del Papa Benedicto XVI\u00bb<\/span><\/a><\/p>\n","protected":false},"author":1,"featured_media":0,"comment_status":"open","ping_status":"closed","sticky":false,"template":"","format":"standard","meta":{"footnotes":""},"categories":[1],"tags":[],"class_list":["post-38662","post","type-post","status-publish","format-standard","hentry","category-general"],"_links":{"self":[{"href":"https:\/\/www.biblia.work\/sermones\/wp-json\/wp\/v2\/posts\/38662","targetHints":{"allow":["GET"]}}],"collection":[{"href":"https:\/\/www.biblia.work\/sermones\/wp-json\/wp\/v2\/posts"}],"about":[{"href":"https:\/\/www.biblia.work\/sermones\/wp-json\/wp\/v2\/types\/post"}],"author":[{"embeddable":true,"href":"https:\/\/www.biblia.work\/sermones\/wp-json\/wp\/v2\/users\/1"}],"replies":[{"embeddable":true,"href":"https:\/\/www.biblia.work\/sermones\/wp-json\/wp\/v2\/comments?post=38662"}],"version-history":[{"count":0,"href":"https:\/\/www.biblia.work\/sermones\/wp-json\/wp\/v2\/posts\/38662\/revisions"}],"wp:attachment":[{"href":"https:\/\/www.biblia.work\/sermones\/wp-json\/wp\/v2\/media?parent=38662"}],"wp:term":[{"taxonomy":"category","embeddable":true,"href":"https:\/\/www.biblia.work\/sermones\/wp-json\/wp\/v2\/categories?post=38662"},{"taxonomy":"post_tag","embeddable":true,"href":"https:\/\/www.biblia.work\/sermones\/wp-json\/wp\/v2\/tags?post=38662"}],"curies":[{"name":"wp","href":"https:\/\/api.w.org\/{rel}","templated":true}]}}