{"id":38663,"date":"2016-06-21T18:12:41","date_gmt":"2016-06-21T23:12:41","guid":{"rendered":"http:\/\/www.biblia.work\/sermones\/conferencia-sobre-santa-sede-croacia-veinte-anos-de-intensas-relaciones\/"},"modified":"2016-06-21T18:12:41","modified_gmt":"2016-06-21T23:12:41","slug":"conferencia-sobre-santa-sede-croacia-veinte-anos-de-intensas-relaciones","status":"publish","type":"post","link":"https:\/\/www.biblia.work\/sermones\/conferencia-sobre-santa-sede-croacia-veinte-anos-de-intensas-relaciones\/","title":{"rendered":"Conferencia sobre Santa Sede-Croacia: veinte a\u00f1os de intensas relaciones"},"content":{"rendered":"<p align=\"justify\">\u201cSanta Sede y Croacia: veinte a\u00f1os de intensas relaciones\u201d ha sido el tema de la conferencia que tuvo lugar ayer en el Vaticano para conmemorar el <strong>veinte aniversario del establecimiento de relaciones diplom\u00e1ticas entre la Santa Sede y la Rep\u00fablica de Croacia.<\/strong><\/p>\n<p align=\"justify\">En el evento intervino el arzobispo <strong>Dominique Mamberti<\/strong>, Secretario para las Relaciones con los Estados, recordando que \u201cen el lejano a\u00f1o 879, el mismo mes de junio en que Croacia moderna celebra cada a\u00f1o su independencia, el papa <strong>Juan VIII<\/strong>, escrib\u00eda en una carta al pr\u00edncipe <strong>Bran\u00edmir<\/strong> que rezaba al Se\u00f1or para que \u201cprincipatum terrenum, quem habes, prospere et securiter reggere possis\u201d (&#8230;) Esos fuertes lazos entre Croacia y la Santa Sede no se han perdido a lo largo de los siglos. En diversas ocasiones en el curso de la historia y en circunstancias no f\u00e1ciles, los croatas han demostrado fidelidad a la Iglesia y al sucesor de Pedro\u201d.<\/p>\n<p align=\"justify\">\u201cEn la m\u00e1s que milenaria historia de Croacia -se\u00f1al\u00f3- los \u00faltimos veinte a\u00f1os se cuentan entre los m\u00e1s dif\u00edciles y, al mismo tiempo, cruciales para su futuro. Especialmente los sucesivos a la independencia. Sin embargo, los retos contin\u00faan. Ahora, los croatas no pueden por menos que interrogarse acerca de los valores sobre los que quieren construir la vida de las personas y de toda la naci\u00f3n\u201d<\/p>\n<p align=\"justify\">\u201cSi bien la Iglesia y la comunidad pol\u00edtica act\u00faen en \u00e1mbitos diversos y sean independientes una de otra ambas sirven a los mismos sujetos que, al mismo tiempo, son fieles de la Iglesia y ciudadanos del Estado. En este servicio hay amplio espacio para el di\u00e1logo y la cooperaci\u00f3n, al servicio de la dignidad de cada ser humano. En el centro de la cooperaci\u00f3n mutua est\u00e1, efectivamente, nuestro compromiso compartido por el bien com\u00fan y la promoci\u00f3n de los valores espirituales y morales que otorgan a la sociedad croata su s\u00f3lido fundamento\u201d.<\/p>\n<p align=\"justify\">Al final el arzobispo manifest\u00f3 el deseo de un \u201cprogreso continuo, tanto en \u00e1mbito moral como, sobre todo, espiritual\u201d para la naci\u00f3n. \u201cEn estos momentos en que se perfila y realiza la aspiraci\u00f3n a la plena integraci\u00f3n en la Uni\u00f3n Europea, espero que Croacia refuerce su identidad y sea as\u00ed fermento de bien para los otros pa\u00edses\u201d, concluy\u00f3.<\/p>\n<p align=\"justify\">&nbsp;<\/p>\n<p align=\"right\">Ciudad del Vaticano, 30 octubre 2012 (VIS).-\u201d<\/p>\n","protected":false},"excerpt":{"rendered":"<p>\u201cSanta Sede y Croacia: veinte a\u00f1os de intensas relaciones\u201d ha sido el tema de la conferencia que tuvo lugar ayer en el Vaticano para conmemorar el veinte aniversario del establecimiento de relaciones diplom\u00e1ticas entre la Santa Sede y la Rep\u00fablica de Croacia. En el evento intervino el arzobispo Dominique Mamberti, Secretario para las Relaciones con &hellip; <a href=\"https:\/\/www.biblia.work\/sermones\/conferencia-sobre-santa-sede-croacia-veinte-anos-de-intensas-relaciones\/\" class=\"more-link\">Continuar leyendo<span class=\"screen-reader-text\"> \u00abConferencia sobre Santa Sede-Croacia: veinte a\u00f1os de intensas relaciones\u00bb<\/span><\/a><\/p>\n","protected":false},"author":1,"featured_media":0,"comment_status":"open","ping_status":"closed","sticky":false,"template":"","format":"standard","meta":{"footnotes":""},"categories":[1],"tags":[],"class_list":["post-38663","post","type-post","status-publish","format-standard","hentry","category-general"],"_links":{"self":[{"href":"https:\/\/www.biblia.work\/sermones\/wp-json\/wp\/v2\/posts\/38663","targetHints":{"allow":["GET"]}}],"collection":[{"href":"https:\/\/www.biblia.work\/sermones\/wp-json\/wp\/v2\/posts"}],"about":[{"href":"https:\/\/www.biblia.work\/sermones\/wp-json\/wp\/v2\/types\/post"}],"author":[{"embeddable":true,"href":"https:\/\/www.biblia.work\/sermones\/wp-json\/wp\/v2\/users\/1"}],"replies":[{"embeddable":true,"href":"https:\/\/www.biblia.work\/sermones\/wp-json\/wp\/v2\/comments?post=38663"}],"version-history":[{"count":0,"href":"https:\/\/www.biblia.work\/sermones\/wp-json\/wp\/v2\/posts\/38663\/revisions"}],"wp:attachment":[{"href":"https:\/\/www.biblia.work\/sermones\/wp-json\/wp\/v2\/media?parent=38663"}],"wp:term":[{"taxonomy":"category","embeddable":true,"href":"https:\/\/www.biblia.work\/sermones\/wp-json\/wp\/v2\/categories?post=38663"},{"taxonomy":"post_tag","embeddable":true,"href":"https:\/\/www.biblia.work\/sermones\/wp-json\/wp\/v2\/tags?post=38663"}],"curies":[{"name":"wp","href":"https:\/\/api.w.org\/{rel}","templated":true}]}}