{"id":38664,"date":"2016-06-21T18:12:45","date_gmt":"2016-06-21T23:12:45","guid":{"rendered":"http:\/\/www.biblia.work\/sermones\/venecia-recuerda-el-centenario-del-papa-juan-pablo-i-el-papa-de-la-sonrisa\/"},"modified":"2016-06-21T18:12:45","modified_gmt":"2016-06-21T23:12:45","slug":"venecia-recuerda-el-centenario-del-papa-juan-pablo-i-el-papa-de-la-sonrisa","status":"publish","type":"post","link":"https:\/\/www.biblia.work\/sermones\/venecia-recuerda-el-centenario-del-papa-juan-pablo-i-el-papa-de-la-sonrisa\/","title":{"rendered":"Venecia recuerda el centenario del Papa Juan Pablo I, el Papa de la sonrisa"},"content":{"rendered":"<p align=\"justify\">Venecia, ciudad de la que fue patriarca entre 1969 y 1978, recuerda esta tarde con un misa solemne el centenario del nacimiento del papa Juan Pablo I, en el siglo Albino Luciani, que ocup\u00f3 el solio pontificio s\u00f3lo durante 33 d\u00edas, del 26 de agosto al 28 de septiembre de 1978. Conocido como \u201cel Papa de la sonrisa\u201d, su proceso de beatificaci\u00f3n se abri\u00f3 en 2003.<\/p>\n<p align=\"justify\">La conmemoraci\u00f3n veneciana prev\u00e9 una misa a las 18,00 en la bas\u00edlica de San Marcos presidida por el patriarca Franceso Moraglia,que celebrar\u00e1 junto con los obispos de la conferencia episcopal triveneta. Seguir\u00e1, a las 20,30 un concierto de m\u00fasica sacra ofrecido por la Procuratoria de la bas\u00edlica de San Marcos, el Instituto Polaco de Roma y la Fundaci\u00f3n Capella Cracoviensis de Cracovia. En los intervalos se leer\u00e1n textos de Juan Pablo I.<\/p>\n<p align=\"justify\">El programa del concierto est\u00e1 dedicado a dos de los mayores representantes de la escuela veneciana del siglo XVII: Giovanni Gabrieli compositor, organista y maestro de capilla de la bas\u00edlica de San Marcos, de quien se recuerda el 400 aniversario de la muerte (1612) y Mikolak Zielenski, compositor, organista y maestro de capilla ligado a la Colegiata de Lowicz (sede del primado polaco).<\/p>\n<p align=\"justify\">&nbsp;<\/p>\n<p align=\"right\">Ciudad del Vaticano, 30 octubre 2012 (VIS).-<\/p>\n","protected":false},"excerpt":{"rendered":"<p>Venecia, ciudad de la que fue patriarca entre 1969 y 1978, recuerda esta tarde con un misa solemne el centenario del nacimiento del papa Juan Pablo I, en el siglo Albino Luciani, que ocup\u00f3 el solio pontificio s\u00f3lo durante 33 d\u00edas, del 26 de agosto al 28 de septiembre de 1978. Conocido como \u201cel Papa &hellip; <a href=\"https:\/\/www.biblia.work\/sermones\/venecia-recuerda-el-centenario-del-papa-juan-pablo-i-el-papa-de-la-sonrisa\/\" class=\"more-link\">Continuar leyendo<span class=\"screen-reader-text\"> \u00abVenecia recuerda el centenario del Papa Juan Pablo I, el Papa de la sonrisa\u00bb<\/span><\/a><\/p>\n","protected":false},"author":1,"featured_media":0,"comment_status":"open","ping_status":"closed","sticky":false,"template":"","format":"standard","meta":{"footnotes":""},"categories":[1],"tags":[],"class_list":["post-38664","post","type-post","status-publish","format-standard","hentry","category-general"],"_links":{"self":[{"href":"https:\/\/www.biblia.work\/sermones\/wp-json\/wp\/v2\/posts\/38664","targetHints":{"allow":["GET"]}}],"collection":[{"href":"https:\/\/www.biblia.work\/sermones\/wp-json\/wp\/v2\/posts"}],"about":[{"href":"https:\/\/www.biblia.work\/sermones\/wp-json\/wp\/v2\/types\/post"}],"author":[{"embeddable":true,"href":"https:\/\/www.biblia.work\/sermones\/wp-json\/wp\/v2\/users\/1"}],"replies":[{"embeddable":true,"href":"https:\/\/www.biblia.work\/sermones\/wp-json\/wp\/v2\/comments?post=38664"}],"version-history":[{"count":0,"href":"https:\/\/www.biblia.work\/sermones\/wp-json\/wp\/v2\/posts\/38664\/revisions"}],"wp:attachment":[{"href":"https:\/\/www.biblia.work\/sermones\/wp-json\/wp\/v2\/media?parent=38664"}],"wp:term":[{"taxonomy":"category","embeddable":true,"href":"https:\/\/www.biblia.work\/sermones\/wp-json\/wp\/v2\/categories?post=38664"},{"taxonomy":"post_tag","embeddable":true,"href":"https:\/\/www.biblia.work\/sermones\/wp-json\/wp\/v2\/tags?post=38664"}],"curies":[{"name":"wp","href":"https:\/\/api.w.org\/{rel}","templated":true}]}}