{"id":38665,"date":"2016-06-21T18:12:55","date_gmt":"2016-06-21T23:12:55","guid":{"rendered":"http:\/\/www.biblia.work\/sermones\/benedicto-xvi-celebra-visperas-en-la-capilla-sixtina-para-conmemorar-el-500-aniversario-de-la-boveda\/"},"modified":"2016-06-21T18:12:55","modified_gmt":"2016-06-21T23:12:55","slug":"benedicto-xvi-celebra-visperas-en-la-capilla-sixtina-para-conmemorar-el-500-aniversario-de-la-boveda","status":"publish","type":"post","link":"https:\/\/www.biblia.work\/sermones\/benedicto-xvi-celebra-visperas-en-la-capilla-sixtina-para-conmemorar-el-500-aniversario-de-la-boveda\/","title":{"rendered":"Benedicto XVI celebra v\u00edsperas en la Capilla Sixtina para conmemorar el 500 aniversario de la b\u00f3veda"},"content":{"rendered":"<p align=\"justify\">Benedicto XVI presidir\u00e1 ma\u00f1ana, 31 de octubre, a las 18,00, la celebraci\u00f3n de las v\u00edsperas en la Capilla Sixtina para conmemorar el 500 aniversario de la inauguraci\u00f3n de la b\u00f3veda pintada por Miguel \u00c1ngel entre 1508 y 1512.<\/p>\n<p align=\"justify\">El papa Julio II, que encarg\u00f3 la decoraci\u00f3n de la b\u00f3veda (1.100 metros cuadrados) al autor de \u201cLa Piedad\u201d, celebr\u00f3 el final de la obra con el rito solemne de las v\u00edsperas de Todos los Santos el 31 de octubre de 1512.<\/p>\n<p align=\"justify\">Ciudad del Vaticano, 30 octubre 2012 (VIS).-<\/p>\n","protected":false},"excerpt":{"rendered":"<p>Benedicto XVI presidir\u00e1 ma\u00f1ana, 31 de octubre, a las 18,00, la celebraci\u00f3n de las v\u00edsperas en la Capilla Sixtina para conmemorar el 500 aniversario de la inauguraci\u00f3n de la b\u00f3veda pintada por Miguel \u00c1ngel entre 1508 y 1512. El papa Julio II, que encarg\u00f3 la decoraci\u00f3n de la b\u00f3veda (1.100 metros cuadrados) al autor de &hellip; <a href=\"https:\/\/www.biblia.work\/sermones\/benedicto-xvi-celebra-visperas-en-la-capilla-sixtina-para-conmemorar-el-500-aniversario-de-la-boveda\/\" class=\"more-link\">Continuar leyendo<span class=\"screen-reader-text\"> \u00abBenedicto XVI celebra v\u00edsperas en la Capilla Sixtina para conmemorar el 500 aniversario de la b\u00f3veda\u00bb<\/span><\/a><\/p>\n","protected":false},"author":1,"featured_media":0,"comment_status":"open","ping_status":"closed","sticky":false,"template":"","format":"standard","meta":{"footnotes":""},"categories":[1],"tags":[],"class_list":["post-38665","post","type-post","status-publish","format-standard","hentry","category-general"],"_links":{"self":[{"href":"https:\/\/www.biblia.work\/sermones\/wp-json\/wp\/v2\/posts\/38665","targetHints":{"allow":["GET"]}}],"collection":[{"href":"https:\/\/www.biblia.work\/sermones\/wp-json\/wp\/v2\/posts"}],"about":[{"href":"https:\/\/www.biblia.work\/sermones\/wp-json\/wp\/v2\/types\/post"}],"author":[{"embeddable":true,"href":"https:\/\/www.biblia.work\/sermones\/wp-json\/wp\/v2\/users\/1"}],"replies":[{"embeddable":true,"href":"https:\/\/www.biblia.work\/sermones\/wp-json\/wp\/v2\/comments?post=38665"}],"version-history":[{"count":0,"href":"https:\/\/www.biblia.work\/sermones\/wp-json\/wp\/v2\/posts\/38665\/revisions"}],"wp:attachment":[{"href":"https:\/\/www.biblia.work\/sermones\/wp-json\/wp\/v2\/media?parent=38665"}],"wp:term":[{"taxonomy":"category","embeddable":true,"href":"https:\/\/www.biblia.work\/sermones\/wp-json\/wp\/v2\/categories?post=38665"},{"taxonomy":"post_tag","embeddable":true,"href":"https:\/\/www.biblia.work\/sermones\/wp-json\/wp\/v2\/tags?post=38665"}],"curies":[{"name":"wp","href":"https:\/\/api.w.org\/{rel}","templated":true}]}}