{"id":38666,"date":"2016-06-21T18:12:59","date_gmt":"2016-06-21T23:12:59","guid":{"rendered":"http:\/\/www.biblia.work\/sermones\/la-iglesia-juega-un-papel-importante-en-la-integracion-de-los-emigrantes\/"},"modified":"2016-06-21T18:12:59","modified_gmt":"2016-06-21T23:12:59","slug":"la-iglesia-juega-un-papel-importante-en-la-integracion-de-los-emigrantes","status":"publish","type":"post","link":"https:\/\/www.biblia.work\/sermones\/la-iglesia-juega-un-papel-importante-en-la-integracion-de-los-emigrantes\/","title":{"rendered":"La Iglesia juega un papel importante en la integraci\u00f3n de los emigrantes"},"content":{"rendered":"<p align=\"justify\">El cardenal <strong>Antonio Maria Vegli\u00f2<\/strong>, Presidente del Pontificio Consejo de la Pastoral para los Emigrantes e Itinerantes y el arzobispo <strong>Joseph Kalathiparambil<\/strong>, secretario del mismo dicasterio han presentado esta ma\u00f1ana en la Oficina de Prensa de la Santa Sede el Mensaje del Papa para la XCIX Jornada Mundial del Emigrante y el Refugiado (13 de enero de 2013) cuyo tema este a\u00f1o es \u201cMigraciones: peregrinaci\u00f3n de fe y esperanza\u201d.<\/p>\n<p align=\"justify\">\u201cHoy el fen\u00f3meno migratorio impresiona por el gran n\u00famero de personas involucradas en \u00e9l -dijo el cardenal- .Basta dar una ojeada, por ejemplo, al Informe Mundial de 2011 sobre las Migraciones de la Organizaci\u00f3n Internacional para las Migraciones (OIM) que estima los emigrantes internacionales en 214 millones (un 3% de la poblaci\u00f3n mundial). A ellos hay que a\u00f1adir los desplazados internos que en 2010 eran unos 740 millones. Sumando unos y otros se llega a casi mil millones de seres humanos, es decir, un s\u00e9ptimo de la poblaci\u00f3n mundial que experimenta hoy las suertes de la migraci\u00f3n\u201d.<\/p>\n<p align=\"justify\">\u201cLos emigrantes en su peregrinaci\u00f3n existencial hacia un futuro mejor, llevan consigo sentimientos de fe y esperanza, aunque no se den cuenta todav\u00eda de lo que buscan exactamente. Decir que intentan solo mejorar su situaci\u00f3n econ\u00f3mica o social, significar\u00eda simplificar demasiado la realidad(&#8230;) Es verdad que no todos los emigrantes -aunque tengan una confianza profunda en que Dios estar\u00e1 a su lado- consideran su viaje como un ir hacia Dios y, por tanto, como un movimiento animado por la fe. No obstante, de alguna manera, es precisamente en las personas que no conocen a\u00fan donde pueden descubrir a Dios mismo que tiende las manos hacia ellos; sobre todo en los pa\u00edses de antigua tradici\u00f3n cristiana, donde pueden experimentar la genuina bondad de muchas realidades eclesiales que los acogen y ayudan\u201d.<\/p>\n<p align=\"justify\">\u201cEfectivamente aqu\u00ed, en el vasto contexto de las migraciones de m\u00faltiples pertenencias -subray\u00f3 el purpurado- tambi\u00e9n la Iglesia est\u00e1 llamada a desempe\u00f1ar sin distinciones su solicitud materna. En su Mensaje, el Santo Padre revela dos canales de actividad, que no son paralelos, pero s\u00ed complementarios: por una parte, el m\u00e1s tangible y, podr\u00edamos decir, el m\u00e1s notado en \u00e1mbito medi\u00e1tico, que se concreta en las &#8216;intervenciones de socorro para resolver las numerosas emergencias&#8217; (&#8230;) Esta atenci\u00f3n es la m\u00e1s inmediata(&#8230;) y exige una respuesta r\u00e1pida. (&#8230;) La segunda directriz es m\u00e1s laboriosa y menos medi\u00e1tica, porque requiere, a menudo, un cambio de mentalidad : (&#8230;) favorecer y acompa\u00f1ar la inserci\u00f3n integral de los emigrantes en su nuevo contexto sociocultural\u201d.<\/p>\n<p align=\"justify\">El cardenal record\u00f3 que el Mensaje para esta Jornada Mundial se presenta a breve distancia del viaje del Papa a L\u00edbano, \u201cde forma muy concreta, nuestra mirada puede dirigirse particularmente a los pa\u00edses de Oriente Medio, donde la presencia de emigrantes cristianos, entre creyentes de otras religiones, tiene un papel significativo en la creaci\u00f3n de la identidad tan especial de esa regi\u00f3n. (&#8230;) Pero este hecho no se limita a Oriente Medio, ata\u00f1e al mundo entero. El fen\u00f3meno migratorio obliga a la confrontaci\u00f3n con diferentes estilos de vida y culturas diversas, estimulando la construcci\u00f3n de nuevas relaciones\u201d.<\/p>\n<p align=\"justify\">\u201cLa Iglesia -concluy\u00f3-juega un papel importante en el proceso de integraci\u00f3n, al que responde haciendo \u00e9nfasis en la dignidad de la persona y la recomendaci\u00f3n de tutelar a las minor\u00edas valorizando su cultura; en la aportaci\u00f3n de las migraciones a la pacificaci\u00f3n universal; en la dimensi\u00f3n eclesial y misionera del fen\u00f3meno migratorio; en la importancia del di\u00e1logo y de la confrontaci\u00f3n dentro de la sociedad civil, de la comunidad eclesial y entre las diversas confesiones y religiones. Por otra parte, en sus intervenciones sobre la problem\u00e1tica humana, social y religiosa de la emigraci\u00f3n, la Iglesia no deja de dar a este fen\u00f3meno, hoy siempre m\u00e1s evidente, una huella singular, caracterizada por un fuerte car\u00e1cter humanista, adem\u00e1s de cristiano\u201d.<\/p>\n<p align=\"justify\">En su intervenci\u00f3n, el arzobispo Kalathiparambil se centr\u00f3 en la cuesti\u00f3n de los refugiados y subray\u00f3 la dificultad cada vez m\u00e1s grande que encuentran a la hora de pedir asilo, citando en particular, las medidas restrictivas impuestas en algunos pa\u00edses para \u201cobstaculizar el acceso al territorio\u201d, como los \u201crequisitos para los visados, las sanciones aplicables a los que los transportan, la lista de &#8216;safe countries of origen&#8217; (pa\u00edses seguros de origen). \u201cEstas limitaciones-dijo- han incentivado las actividades de los contrabandistas y de los traficantes, adem\u00e1s de peligrosas traves\u00edas por mar que han visto desaparecer entre las olas demasiadas vidas humanas\u201d.<\/p>\n<p align=\"justify\">\u201cTodo esto sucede -puntualiz\u00f3- a pesar de las obligaciones de la comunidad internacional sobre la protecci\u00f3n de los refugiados y de los que piden asilo, en el respeto de la declaraci\u00f3n y del esp\u00edritu de los derechos humanos, de los derechos del refugiado y del derecho internacional humanitario. En primer lugar, est\u00e1 el acceso a la petici\u00f3n de asilo que comprende tambi\u00e9n elementos primarios como los alimentos, el alojamiento, las ropas y la asistencia m\u00e9dica. No se insiste nunca bastante en que los que piden asilo se encuentran en la situaci\u00f3n de tener que hacer frente a viajes fuera de sus fronteras y es derecho suyo no poseer documentos v\u00e1lidos de viaje o de identidad\u201d.<\/p>\n<p align=\"justify\">&nbsp;<\/p>\n<p align=\"right\">Ciudad del Vaticano, 29 de octubre de 2012 (VIS).-<\/p>\n","protected":false},"excerpt":{"rendered":"<p>El cardenal Antonio Maria Vegli\u00f2, Presidente del Pontificio Consejo de la Pastoral para los Emigrantes e Itinerantes y el arzobispo Joseph Kalathiparambil, secretario del mismo dicasterio han presentado esta ma\u00f1ana en la Oficina de Prensa de la Santa Sede el Mensaje del Papa para la XCIX Jornada Mundial del Emigrante y el Refugiado (13 de &hellip; <a href=\"https:\/\/www.biblia.work\/sermones\/la-iglesia-juega-un-papel-importante-en-la-integracion-de-los-emigrantes\/\" class=\"more-link\">Continuar leyendo<span class=\"screen-reader-text\"> \u00abLa Iglesia juega un papel importante en la integraci\u00f3n de los emigrantes\u00bb<\/span><\/a><\/p>\n","protected":false},"author":1,"featured_media":0,"comment_status":"open","ping_status":"closed","sticky":false,"template":"","format":"standard","meta":{"footnotes":""},"categories":[1],"tags":[],"class_list":["post-38666","post","type-post","status-publish","format-standard","hentry","category-general"],"_links":{"self":[{"href":"https:\/\/www.biblia.work\/sermones\/wp-json\/wp\/v2\/posts\/38666","targetHints":{"allow":["GET"]}}],"collection":[{"href":"https:\/\/www.biblia.work\/sermones\/wp-json\/wp\/v2\/posts"}],"about":[{"href":"https:\/\/www.biblia.work\/sermones\/wp-json\/wp\/v2\/types\/post"}],"author":[{"embeddable":true,"href":"https:\/\/www.biblia.work\/sermones\/wp-json\/wp\/v2\/users\/1"}],"replies":[{"embeddable":true,"href":"https:\/\/www.biblia.work\/sermones\/wp-json\/wp\/v2\/comments?post=38666"}],"version-history":[{"count":0,"href":"https:\/\/www.biblia.work\/sermones\/wp-json\/wp\/v2\/posts\/38666\/revisions"}],"wp:attachment":[{"href":"https:\/\/www.biblia.work\/sermones\/wp-json\/wp\/v2\/media?parent=38666"}],"wp:term":[{"taxonomy":"category","embeddable":true,"href":"https:\/\/www.biblia.work\/sermones\/wp-json\/wp\/v2\/categories?post=38666"},{"taxonomy":"post_tag","embeddable":true,"href":"https:\/\/www.biblia.work\/sermones\/wp-json\/wp\/v2\/tags?post=38666"}],"curies":[{"name":"wp","href":"https:\/\/api.w.org\/{rel}","templated":true}]}}