{"id":38667,"date":"2016-06-21T18:13:03","date_gmt":"2016-06-21T23:13:03","guid":{"rendered":"http:\/\/www.biblia.work\/sermones\/zoran-milanovic-presidente-de-croacia-en-la-santa-sede\/"},"modified":"2016-06-21T18:13:03","modified_gmt":"2016-06-21T23:13:03","slug":"zoran-milanovic-presidente-de-croacia-en-la-santa-sede","status":"publish","type":"post","link":"https:\/\/www.biblia.work\/sermones\/zoran-milanovic-presidente-de-croacia-en-la-santa-sede\/","title":{"rendered":"Zoran Milanovic, presidente de Croacia en la Santa Sede"},"content":{"rendered":"<p align=\"justify\"><em>Fructuoso intercambio de opiniones Santa Sede-Croacia<\/em><\/p>\n<p align=\"justify\">Esta ma\u00f1ana <strong>Benedicto XVI<\/strong> ha recibido en <strong>audiencia al Presidente del Gobierno de la rep\u00fablica de Croacia<\/strong>, <strong>Zoran Milanovic<\/strong>. El presidente ha encontrado, sucesivamente, al cardenal Tarcisio Bertone, Secretario de Estado, a quien acompa\u00f1aba el arzobispo Dominique Mamberti, Secretario para las Relaciones con los Estados.<\/p>\n<p align=\"justify\">\u201cLos coloquios, desarrollados en un clima de cordialidad han permitido un fructuoso intercambio de opiniones sobre los retos que el pa\u00eds debe afrontar en la crisis econ\u00f3mica actual, as\u00ed como temas de inter\u00e9s com\u00fan en el marco de las relaciones bilaterales. A este respecto, se ha hecho referencia a la Conferencia organizada con motivo del 20 aniversario del establecimiento de relaciones diplom\u00e1ticas, que tendr\u00e1 lugar esta tarde, Por cuanto concierne al conocido caso de Dajla, ambas partes han concordado resolver la cuesti\u00f3n lo antes posible, en el esp\u00edritu de la tradicional amistad entre la Santa Sede y la rep\u00fablica de Croacia\u201d dice un comunicado emitido hoy por la Oficina de Prensa de la Santa Sede.<\/p>\n<p align=\"justify\">\u201cPor \u00faltimo, la Santa Sede ha renovado su apoyo a las aspiraciones leg\u00edtimas de Croacia a la plena integraci\u00f3n europea y se ha abordado tambi\u00e9n la coyuntura regional, sobre todo a la situaci\u00f3n de los croatas en Bosnia y Herzegovina\u201d.<\/p>\n<p align=\"justify\">&nbsp;<\/p>\n<p align=\"justify\">Ciudad del Vaticano, 29 octubre 2012 (VIS).-<\/p>\n","protected":false},"excerpt":{"rendered":"<p>Fructuoso intercambio de opiniones Santa Sede-Croacia Esta ma\u00f1ana Benedicto XVI ha recibido en audiencia al Presidente del Gobierno de la rep\u00fablica de Croacia, Zoran Milanovic. El presidente ha encontrado, sucesivamente, al cardenal Tarcisio Bertone, Secretario de Estado, a quien acompa\u00f1aba el arzobispo Dominique Mamberti, Secretario para las Relaciones con los Estados. \u201cLos coloquios, desarrollados en &hellip; <a href=\"https:\/\/www.biblia.work\/sermones\/zoran-milanovic-presidente-de-croacia-en-la-santa-sede\/\" class=\"more-link\">Continuar leyendo<span class=\"screen-reader-text\"> \u00abZoran Milanovic, presidente de Croacia en la Santa Sede\u00bb<\/span><\/a><\/p>\n","protected":false},"author":1,"featured_media":0,"comment_status":"open","ping_status":"closed","sticky":false,"template":"","format":"standard","meta":{"footnotes":""},"categories":[1],"tags":[],"class_list":["post-38667","post","type-post","status-publish","format-standard","hentry","category-general"],"_links":{"self":[{"href":"https:\/\/www.biblia.work\/sermones\/wp-json\/wp\/v2\/posts\/38667","targetHints":{"allow":["GET"]}}],"collection":[{"href":"https:\/\/www.biblia.work\/sermones\/wp-json\/wp\/v2\/posts"}],"about":[{"href":"https:\/\/www.biblia.work\/sermones\/wp-json\/wp\/v2\/types\/post"}],"author":[{"embeddable":true,"href":"https:\/\/www.biblia.work\/sermones\/wp-json\/wp\/v2\/users\/1"}],"replies":[{"embeddable":true,"href":"https:\/\/www.biblia.work\/sermones\/wp-json\/wp\/v2\/comments?post=38667"}],"version-history":[{"count":0,"href":"https:\/\/www.biblia.work\/sermones\/wp-json\/wp\/v2\/posts\/38667\/revisions"}],"wp:attachment":[{"href":"https:\/\/www.biblia.work\/sermones\/wp-json\/wp\/v2\/media?parent=38667"}],"wp:term":[{"taxonomy":"category","embeddable":true,"href":"https:\/\/www.biblia.work\/sermones\/wp-json\/wp\/v2\/categories?post=38667"},{"taxonomy":"post_tag","embeddable":true,"href":"https:\/\/www.biblia.work\/sermones\/wp-json\/wp\/v2\/tags?post=38667"}],"curies":[{"name":"wp","href":"https:\/\/api.w.org\/{rel}","templated":true}]}}