{"id":38668,"date":"2016-06-21T18:13:07","date_gmt":"2016-06-21T23:13:07","guid":{"rendered":"http:\/\/www.biblia.work\/sermones\/palabras-del-papa-benedicto-xvi-de-solidaridad-y-oracion-hacia-los-damnificados-por-el-huracan-sandy-en-el-caribe\/"},"modified":"2016-06-21T18:13:07","modified_gmt":"2016-06-21T23:13:07","slug":"palabras-del-papa-benedicto-xvi-de-solidaridad-y-oracion-hacia-los-damnificados-por-el-huracan-sandy-en-el-caribe","status":"publish","type":"post","link":"https:\/\/www.biblia.work\/sermones\/palabras-del-papa-benedicto-xvi-de-solidaridad-y-oracion-hacia-los-damnificados-por-el-huracan-sandy-en-el-caribe\/","title":{"rendered":"Palabras del Papa Benedicto XVI de solidaridad y oraci\u00f3n hacia los damnificados por el hurac\u00e1n Sandy en el Caribe"},"content":{"rendered":"<p align=\"justify\"><em><strong>Palabras \u00a0del Santo Padre tras el rezo dominical del Angelus del domingo 28 de octubre de 2012:<\/strong><\/em><\/p>\n<p align=\"justify\">&#8220;En los \u00faltimos d\u00edas, un hurac\u00e1n devastador que se ha abatido con especial dureza en Cuba, Hait\u00ed, Jamaica y las Bahamas, ha causado varios muertos e ingentes da\u00f1os, obligando a muchas personas a abandonar sus hogares.<\/p>\n<p align=\"justify\">Deseo aseguraros mi cercan\u00eda y mi recuerdo a los que han sido afectados por este desastre natural, mientras invito a todos a la oraci\u00f3n y a la solidaridad, para aliviar el dolor de los familiares de las v\u00edctimas y ofrecer ayuda a los miles de damnificados&#8221;.<\/p>\n","protected":false},"excerpt":{"rendered":"<p>Palabras \u00a0del Santo Padre tras el rezo dominical del Angelus del domingo 28 de octubre de 2012: &#8220;En los \u00faltimos d\u00edas, un hurac\u00e1n devastador que se ha abatido con especial dureza en Cuba, Hait\u00ed, Jamaica y las Bahamas, ha causado varios muertos e ingentes da\u00f1os, obligando a muchas personas a abandonar sus hogares. Deseo aseguraros &hellip; <a href=\"https:\/\/www.biblia.work\/sermones\/palabras-del-papa-benedicto-xvi-de-solidaridad-y-oracion-hacia-los-damnificados-por-el-huracan-sandy-en-el-caribe\/\" class=\"more-link\">Continuar leyendo<span class=\"screen-reader-text\"> \u00abPalabras del Papa Benedicto XVI de solidaridad y oraci\u00f3n hacia los damnificados por el hurac\u00e1n Sandy en el Caribe\u00bb<\/span><\/a><\/p>\n","protected":false},"author":1,"featured_media":0,"comment_status":"open","ping_status":"closed","sticky":false,"template":"","format":"standard","meta":{"footnotes":""},"categories":[1],"tags":[],"class_list":["post-38668","post","type-post","status-publish","format-standard","hentry","category-general"],"_links":{"self":[{"href":"https:\/\/www.biblia.work\/sermones\/wp-json\/wp\/v2\/posts\/38668","targetHints":{"allow":["GET"]}}],"collection":[{"href":"https:\/\/www.biblia.work\/sermones\/wp-json\/wp\/v2\/posts"}],"about":[{"href":"https:\/\/www.biblia.work\/sermones\/wp-json\/wp\/v2\/types\/post"}],"author":[{"embeddable":true,"href":"https:\/\/www.biblia.work\/sermones\/wp-json\/wp\/v2\/users\/1"}],"replies":[{"embeddable":true,"href":"https:\/\/www.biblia.work\/sermones\/wp-json\/wp\/v2\/comments?post=38668"}],"version-history":[{"count":0,"href":"https:\/\/www.biblia.work\/sermones\/wp-json\/wp\/v2\/posts\/38668\/revisions"}],"wp:attachment":[{"href":"https:\/\/www.biblia.work\/sermones\/wp-json\/wp\/v2\/media?parent=38668"}],"wp:term":[{"taxonomy":"category","embeddable":true,"href":"https:\/\/www.biblia.work\/sermones\/wp-json\/wp\/v2\/categories?post=38668"},{"taxonomy":"post_tag","embeddable":true,"href":"https:\/\/www.biblia.work\/sermones\/wp-json\/wp\/v2\/tags?post=38668"}],"curies":[{"name":"wp","href":"https:\/\/api.w.org\/{rel}","templated":true}]}}