{"id":38669,"date":"2016-06-21T18:13:11","date_gmt":"2016-06-21T23:13:11","guid":{"rendered":"http:\/\/www.biblia.work\/sermones\/benedicto-xvi-con-las-victimas-del-huracan-sandy-en-el-caribe-envia-mensaje-al-arzobispo-de-santiago-de-cuba\/"},"modified":"2016-06-21T18:13:11","modified_gmt":"2016-06-21T23:13:11","slug":"benedicto-xvi-con-las-victimas-del-huracan-sandy-en-el-caribe-envia-mensaje-al-arzobispo-de-santiago-de-cuba","status":"publish","type":"post","link":"https:\/\/www.biblia.work\/sermones\/benedicto-xvi-con-las-victimas-del-huracan-sandy-en-el-caribe-envia-mensaje-al-arzobispo-de-santiago-de-cuba\/","title":{"rendered":"Benedicto XVI con las v\u00edctimas del Hurac\u00e1n Sandy en  El Caribe, env\u00eda mensaje al arzobispo de Santiago de Cuba"},"content":{"rendered":"<p align=\"justify\"><em>Por Araceli Cantero Guibert<\/em><\/p>\n<p align=\"justify\">SANTIAGO DE CUBA, s\u00e1bado 27 octubre 2012 (ZENIT.org).- Con fecha de 26 de octubre, el papa Benedicto XVI hizo llegar \u201csu sentido p\u00e9same\u201d a los familiares de la once v\u00edctimas del hurac\u00e1n Sandy, que azot\u00f3 el oriente cubano al amanecer del jueves 25 de octubre.<\/p>\n<p align=\"justify\">Durante cinco horas, el hurac\u00e1n de categor\u00eda 2 atraves\u00f3 la isla de Cuba de sur a norte por la zona oriental, en un recorrido iniciado en Playa Mar Verde, al sur de Santiago de Cuba, hasta salir por Cabo Lucrecia, en la zona de Banes, al norte de la Provincia de Holgu\u00edn.<\/p>\n<p align=\"justify\">En una carta del secretario de Estado del Vaticano, el cardenal Tarcisio Bertone, al presidente de la Conferencia de Obispos Cubanos y arzobispo de Santiago de Cuba, monse\u00f1or Dionisio Garc\u00eda Iba\u00f1ez, Benedicto XVI manifiesta su dolor ante \u201clas dram\u00e1ticas consecuencias del paso del hurac\u00e1n Sandy por esa amada naci\u00f3n, ocasionando v\u00edctimas, heridos y numerosos da\u00f1os materiales, y dejando sin hogar a muchas familia\u201d.<\/p>\n<p align=\"justify\">En un primer recorrido por la Di\u00f3cesis, el arzobispo de Santiago de Cuba ha constatado \u201cuna situaci\u00f3n dram\u00e1tica de devastaci\u00f3n en la que decenas de miles de personas han perdido sus casas\u201d.<\/p>\n<p align=\"justify\">La poblaci\u00f3n de Santiago de Cuba es de medio mill\u00f3n de habitantes, m\u00e1s los que viven en Palma Soriano, indic\u00f3 el arzobispo, quien se\u00f1al\u00f3 que el 85% de los templos de esta ciudad necesitan una intervenci\u00f3n grande.<\/p>\n<p align=\"justify\">Tres templos destruidos son los de la Parroquia de Sue\u00f1o, San Antonio Mar\u00eda Claret, y de San Pedro, en la ciudad, y el de Songo. Los techos de las iglesias de Santa Teresita, San Francisco, Sant\u00edsima Trinidad, Palma Soriano, San Luis, han sido afectados. Se han constatado da\u00f1os en otros templos, casas parroquiales y casas de religiosas. Los da\u00f1os en la catedral a\u00fan no han sido valorados t\u00e9cnicamente.<\/p>\n<p align=\"justify\">Los medios estatales cubanos cifraron en once el n\u00famero de v\u00edctimas del hurac\u00e1n. En Santiago fallecieron nueve personas, cuatro de ellas por derrumbes de techos. Otras dos personas fallecieron en Guant\u00e1namo a causa de la ca\u00edda de \u00e1rboles.<\/p>\n<p align=\"justify\">En su mensaje, el papa \u201cofrece fervientes sufragios por el eterno descanso de los fallecidos, al mismo tiempo que pide al se\u00f1or conceda su consuelo a quienes sufren estas graves desgracia.\u201d<\/p>\n<p align=\"justify\">Benedicto XVI ora para que \u201cincremente en la comunidad cristiana y en todas las personas de buena voluntad sentimientos de fraterna solidaridad para colaborar en la reconstrucci\u00f3n de las zonas afectadas.\u201d<\/p>\n<p align=\"justify\">El papa visit\u00f3 Santiago de Cuba en marzo de 2012 y pas\u00f3 una noche en una residencia cercana al Santuario del Cobre.<\/p>\n<p align=\"justify\">Monse\u00f1or Garc\u00eda Ib\u00e1\u00f1ez ha indicado que varios vitrales del Santuario han sido afectado as\u00ed como la puerta principal.<\/p>\n<p align=\"justify\">En la Casa de Encuentros, aleda\u00f1a a la residencia en donde descans\u00f3 el papa, de manera especial sufrieron los techos de la capilla y del comedor, as\u00ed como el cielo raso de las habitaciones que hab\u00edan sido restauradas, cristales rotos y \u00e1rboles ca\u00eddos<\/p>\n<p align=\"justify\">\u201cTengo calma y mantengo el \u00e1nimo\u201d, ha dicho el arzobispo en una entrevista. \u201cC\u00e1ritas ya da pasos para ver c\u00f3mo se canalizan las necesidades\u201d.<\/p>\n<p align=\"justify\">En su mensaje Benedicto XVI encomienda a las v\u00edctimas y a sus familiares &#8220;a la materna intercesi\u00f3n de Nuestra Se\u00f1ora de la Caridad del Cobre\u201d, e imparte \u201cde coraz\u00f3n la confortadora bendici\u00f3n apost\u00f3lica, como signo de afecto al querido pueblo cubano, tan presente en su coraz\u00f3n de pastor de la Iglesia universal\u201d.<\/p>\n","protected":false},"excerpt":{"rendered":"<p>Por Araceli Cantero Guibert SANTIAGO DE CUBA, s\u00e1bado 27 octubre 2012 (ZENIT.org).- Con fecha de 26 de octubre, el papa Benedicto XVI hizo llegar \u201csu sentido p\u00e9same\u201d a los familiares de la once v\u00edctimas del hurac\u00e1n Sandy, que azot\u00f3 el oriente cubano al amanecer del jueves 25 de octubre. Durante cinco horas, el hurac\u00e1n de &hellip; <a href=\"https:\/\/www.biblia.work\/sermones\/benedicto-xvi-con-las-victimas-del-huracan-sandy-en-el-caribe-envia-mensaje-al-arzobispo-de-santiago-de-cuba\/\" class=\"more-link\">Continuar leyendo<span class=\"screen-reader-text\"> \u00abBenedicto XVI con las v\u00edctimas del Hurac\u00e1n Sandy en  El Caribe, env\u00eda mensaje al arzobispo de Santiago de Cuba\u00bb<\/span><\/a><\/p>\n","protected":false},"author":1,"featured_media":0,"comment_status":"open","ping_status":"closed","sticky":false,"template":"","format":"standard","meta":{"footnotes":""},"categories":[1],"tags":[],"class_list":["post-38669","post","type-post","status-publish","format-standard","hentry","category-general"],"_links":{"self":[{"href":"https:\/\/www.biblia.work\/sermones\/wp-json\/wp\/v2\/posts\/38669","targetHints":{"allow":["GET"]}}],"collection":[{"href":"https:\/\/www.biblia.work\/sermones\/wp-json\/wp\/v2\/posts"}],"about":[{"href":"https:\/\/www.biblia.work\/sermones\/wp-json\/wp\/v2\/types\/post"}],"author":[{"embeddable":true,"href":"https:\/\/www.biblia.work\/sermones\/wp-json\/wp\/v2\/users\/1"}],"replies":[{"embeddable":true,"href":"https:\/\/www.biblia.work\/sermones\/wp-json\/wp\/v2\/comments?post=38669"}],"version-history":[{"count":0,"href":"https:\/\/www.biblia.work\/sermones\/wp-json\/wp\/v2\/posts\/38669\/revisions"}],"wp:attachment":[{"href":"https:\/\/www.biblia.work\/sermones\/wp-json\/wp\/v2\/media?parent=38669"}],"wp:term":[{"taxonomy":"category","embeddable":true,"href":"https:\/\/www.biblia.work\/sermones\/wp-json\/wp\/v2\/categories?post=38669"},{"taxonomy":"post_tag","embeddable":true,"href":"https:\/\/www.biblia.work\/sermones\/wp-json\/wp\/v2\/tags?post=38669"}],"curies":[{"name":"wp","href":"https:\/\/api.w.org\/{rel}","templated":true}]}}