{"id":38670,"date":"2016-06-21T18:13:22","date_gmt":"2016-06-21T23:13:22","guid":{"rendered":"http:\/\/www.biblia.work\/sermones\/la-periodista-espanola-marta-lago-ha-sido-nombrada-responsable-de-la-edicion-semanal-en-espanol-del-losservatore-romano\/"},"modified":"2016-06-21T18:13:22","modified_gmt":"2016-06-21T23:13:22","slug":"la-periodista-espanola-marta-lago-ha-sido-nombrada-responsable-de-la-edicion-semanal-en-espanol-del-losservatore-romano","status":"publish","type":"post","link":"https:\/\/www.biblia.work\/sermones\/la-periodista-espanola-marta-lago-ha-sido-nombrada-responsable-de-la-edicion-semanal-en-espanol-del-losservatore-romano\/","title":{"rendered":"La periodista espa\u00f1ola Marta Lago ha sido nombrada responsable de la edici\u00f3n semanal en espa\u00f1ol del &#8220;L&#8217;Osservatore Romano"},"content":{"rendered":"<p align=\"justify\"><strong>Marta Lago<\/strong>, hasta ahora viceresponsable, \u00a0se har\u00e1 cargo de la edici\u00f3n espa\u00f1ola a partir del pr\u00f3ximo 1 de noviembre.\u00a0 Otro espa\u00f1ol que ocup\u00f3 el cargo hasta 1988 fue \u00a0cargo al fallecido obispo espa\u00f1ol\u00a0<strong>Cipriano Calder\u00f3n<\/strong>, que fue vicepresidente de la Comisi\u00f3n Pontificia para Am\u00e9rica Latina, y a quien sucedi\u00f3 al sacerdote latinoamericano <strong>Arturo Guti\u00e9rrez.<\/strong><\/p>\n<p align=\"justify\">Lago naci\u00f3 en Madrid en 1970. Desde 2007 trabaja en &#8220;L&#8217;Osservatore Romano&#8221;, en 2009 pas\u00f3 a la redacci\u00f3n de la edici\u00f3n en espa\u00f1ol y desde 2010 era responsable adjunta de la misma.<\/p>\n<p align=\"justify\"><strong>La edici\u00f3n en espa\u00f1ol es una de las m\u00e1s difundidas de &#8220;L&#8217;Osservatore Romano&#8221;<\/strong>, que tambi\u00e9n se edita, adem\u00e1s de en italiano, en portugu\u00e9s, ingl\u00e9s, franc\u00e9s, alem\u00e1n y polaco.<\/p>\n","protected":false},"excerpt":{"rendered":"<p>Marta Lago, hasta ahora viceresponsable, \u00a0se har\u00e1 cargo de la edici\u00f3n espa\u00f1ola a partir del pr\u00f3ximo 1 de noviembre.\u00a0 Otro espa\u00f1ol que ocup\u00f3 el cargo hasta 1988 fue \u00a0cargo al fallecido obispo espa\u00f1ol\u00a0Cipriano Calder\u00f3n, que fue vicepresidente de la Comisi\u00f3n Pontificia para Am\u00e9rica Latina, y a quien sucedi\u00f3 al sacerdote latinoamericano Arturo Guti\u00e9rrez. Lago naci\u00f3 &hellip; <a href=\"https:\/\/www.biblia.work\/sermones\/la-periodista-espanola-marta-lago-ha-sido-nombrada-responsable-de-la-edicion-semanal-en-espanol-del-losservatore-romano\/\" class=\"more-link\">Continuar leyendo<span class=\"screen-reader-text\"> \u00abLa periodista espa\u00f1ola Marta Lago ha sido nombrada responsable de la edici\u00f3n semanal en espa\u00f1ol del &#8220;L&#8217;Osservatore Romano\u00bb<\/span><\/a><\/p>\n","protected":false},"author":1,"featured_media":0,"comment_status":"open","ping_status":"closed","sticky":false,"template":"","format":"standard","meta":{"footnotes":""},"categories":[1],"tags":[],"class_list":["post-38670","post","type-post","status-publish","format-standard","hentry","category-general"],"_links":{"self":[{"href":"https:\/\/www.biblia.work\/sermones\/wp-json\/wp\/v2\/posts\/38670","targetHints":{"allow":["GET"]}}],"collection":[{"href":"https:\/\/www.biblia.work\/sermones\/wp-json\/wp\/v2\/posts"}],"about":[{"href":"https:\/\/www.biblia.work\/sermones\/wp-json\/wp\/v2\/types\/post"}],"author":[{"embeddable":true,"href":"https:\/\/www.biblia.work\/sermones\/wp-json\/wp\/v2\/users\/1"}],"replies":[{"embeddable":true,"href":"https:\/\/www.biblia.work\/sermones\/wp-json\/wp\/v2\/comments?post=38670"}],"version-history":[{"count":0,"href":"https:\/\/www.biblia.work\/sermones\/wp-json\/wp\/v2\/posts\/38670\/revisions"}],"wp:attachment":[{"href":"https:\/\/www.biblia.work\/sermones\/wp-json\/wp\/v2\/media?parent=38670"}],"wp:term":[{"taxonomy":"category","embeddable":true,"href":"https:\/\/www.biblia.work\/sermones\/wp-json\/wp\/v2\/categories?post=38670"},{"taxonomy":"post_tag","embeddable":true,"href":"https:\/\/www.biblia.work\/sermones\/wp-json\/wp\/v2\/tags?post=38670"}],"curies":[{"name":"wp","href":"https:\/\/api.w.org\/{rel}","templated":true}]}}