{"id":38672,"date":"2016-06-21T18:13:30","date_gmt":"2016-06-21T23:13:30","guid":{"rendered":"http:\/\/www.biblia.work\/sermones\/el-cardenal-filoni-reafirma-la-validez-de-la-carta-del-papa-benedicto-xvi-a-los-catolicos-chinos\/"},"modified":"2016-06-21T18:13:30","modified_gmt":"2016-06-21T23:13:30","slug":"el-cardenal-filoni-reafirma-la-validez-de-la-carta-del-papa-benedicto-xvi-a-los-catolicos-chinos","status":"publish","type":"post","link":"https:\/\/www.biblia.work\/sermones\/el-cardenal-filoni-reafirma-la-validez-de-la-carta-del-papa-benedicto-xvi-a-los-catolicos-chinos\/","title":{"rendered":"El cardenal Filoni reafirma la validez de la carta del Papa Benedicto XVI a los cat\u00f3licos chinos"},"content":{"rendered":"<p align=\"justify\">El cardenal Filoni reafirma la validez de la carta del Papa Benedicto XVI a los cat\u00f3licos chinos<strong> <\/strong>y del camino interno de la Iglesia en China, en fidelidad al Papa, esperando una Comisi\u00f3n permanente entre Rep\u00fablica Popular y Santa Sede<\/p>\n<p align=\"justify\">La carta del Papa dirigida a los cat\u00f3licos chinos en 2007 &#8220;sigue siendo v\u00e1lida&#8221; para promover el reinicio del di\u00e1logo entre la Santa Sede y el Gobierno de Pek\u00edn. Un di\u00e1logo que deber\u00eda reiniciarse mediante la creaci\u00f3n de una comisi\u00f3n bilateral estable y de &#8220;alto nivel&#8221; entre la China popular y la Santa Sede, siguiendo el modelo que ya existe entre La China popular y Taiw\u00e1n.<\/p>\n<p align=\"justify\">\n<p align=\"justify\">Se trata de propuestas de gran autoridad que el Prefecto de la Congregaci\u00f3n para la Evangelizaci\u00f3n de los Pueblos, describe en un art\u00edculo del Tripod, el trimestral publicado por el Holy Spirit Study Centre de la di\u00f3cesis de Hong Kong, que hoy anticipa en su sitio Online. \u2028\u2028La intervenci\u00f3n del Cardenal Filoni surge con motivo del quinto aniversario de la publicaci\u00f3n de la carta de Benedicto XVI a la Iglesia que est\u00e1 en China. Los acontecimientos de los \u00faltimos a\u00f1os &#8211; observa el Prefecto de la Congregaci\u00f3n para la Evangelizaci\u00f3n de los Pueblos &#8211; han confirmado &#8220;el valor, la oportunidad y la actualidad&#8221; del texto papal, que realmente puede &#8220;representar un punto de partida para el di\u00e1logo en la Iglesia en China y puede estimular el di\u00e1logo entre la Santa Sede y el gobierno de Pek\u00edn&#8221;.<\/p>\n<p align=\"justify\">&nbsp;<\/p>\n<p align=\"justify\">La Carta del Papa a los cat\u00f3licos chinos en 2007 &#8211; advierte el Cardenal &#8211; no ten\u00eda un objetivo pol\u00edtico primordial. Esta miraba en primer lugar a expresar p\u00fablicamente cual era la actitud de la Santa Sede con respecto a la &#8220;compleja situaci\u00f3n&#8221; de la Iglesia en China. &#8220;Despu\u00e9s de a\u00f1os de estudio &#8211; recuerda el Cardenal &#8211; la Santa Sede tenia la clara percepci\u00f3n de que la Iglesia en China en su conjunto nunca ha sido cism\u00e1tica&#8221;. Sin embargo, continuaba a vivir la divisi\u00f3n lacerante entre los que con el tiempo no han aceptado un compromiso con el control pol\u00edtico impuesto por las autoridades civiles y aquellos que los han apoyado &#8220;por un c\u00e1lculo existencial&#8221;. Las heridas profundas dentro de la Iglesia no consiguen cicatrizarse, tambi\u00e9n debido a las interferencia exteriores invasivas. Por esta raz\u00f3n &#8211; sugiere el Prefecto de la Congregaci\u00f3n para la Propagaci\u00f3n de la Fe &#8211; en el caso chino cualquier intento de promover la reconciliaci\u00f3n eclesial implica la necesidad de un di\u00e1logo entre la Santa Sede y los poderes civiles chinos.<\/p>\n<p align=\"justify\">&nbsp;<\/p>\n<p align=\"justify\">La carta papal del 2007 &#8211; recuerda, a este respecto, el Cardenal Filoni &#8211; hab\u00eda reafirmado con fuerza la plena disponibilidad de la Santa Sede a un &#8220;di\u00e1logo respetuoso y constructivo&#8221; con las autoridades de Pek\u00edn, a sabiendas de que &#8220;la soluci\u00f3n de los problemas existentes no pueden llevarse a cabo a trav\u00e9s de un conflicto permanente&#8221;. Pero en estos cinco a\u00f1os, en lugar del di\u00e1logo abierto y sincero que el Papa esperaba, ha habido malos entendidos, acusaciones, rigidez, a menudo basados en noticias incompletas e incorrectas. &#8220;Tal vez&#8221;, admite el Prefecto de la Congregaci\u00f3n misionera &#8220;algunas reacciones de la Santa Sede no han sido bien recibidas&#8221;.\u2028Sobre todo, han pesado aquellas que el Cardenal menciona como verdaderas piedras de tropiezo: 1) La Octava Asamblea Nacional de Representantes Cat\u00f3licos, organizada por las autoridades de Pek\u00edn en diciembre de 2010, que ha exacerbado &#8220;el control del Estado sobre la Iglesia&#8221;; 2) la fuerte interferencia de las autoridades civiles sobre el nombramiento de los Obispos; 3) la participaci\u00f3n de los Obispos ileg\u00edtimos en consagraciones episcopales, creando &#8220;dram\u00e1ticas crisis de conciencia, tanto para los Obispos consagrados, como para los Obispos consagrantes&#8221;.<\/p>\n<p align=\"justify\">&nbsp;<\/p>\n<p align=\"justify\">El Prefecto Filoni cita entre las \u00faltimas se\u00f1ales preocupantes los casos del Obispo Matteo Ma Daquin de Shanghai, privado de su libertad porque el d\u00eda de su ordenaci\u00f3n episcopal hab\u00eda expresado su intenci\u00f3n de dedicarse a tiempo completo al ministerio pastoral, dejando los cargos ocupados en los organismos con los que el gobierno interfiere en la vida de la Iglesia. Los obispos y sacerdotes, de hecho, no son funcionarios estatales. \u2028\u2028Ante esta situaci\u00f3n de estancamiento, el Prefecto de la Congregaci\u00f3n se pregunta si no ha llegado &#8220;la hora de pensar en una nueva forma de dialogar&#8221;, m\u00e1s abierta y a un nivel m\u00e1s alto, &#8220;donde no sea posible que los inter\u00e9s particulares socaven la voluntad, la confianza y el respeto mutuo&#8221;. \u2028Los modelos recordados expl\u00edcitamente por el Cardenal son elocuentes y concretos: por ejemplo, las Comisiones estables &#8220;de alto nivel&#8221; entre Pek\u00edn y Taipei y las herramientas de contacto con las que la Santa Sede y Vietnam &#8220;han encontrado un modus operandi et progrediendi&#8221;.<\/p>\n<p align=\"justify\">&nbsp;<\/p>\n<p align=\"justify\">Mientras que el pr\u00f3ximo Congreso del Partido Comunista de China se est\u00e1 preparando para ratificar cambios profundos en el perfil del liderazgo pol\u00edtico nacional, la Santa Sede espera que pueda iniciar una nueva fase en las relaciones bilaterales. (GV) (Agencia Fides 25\/10\/2012).<\/p>\n<p align=\"justify\">&nbsp;<\/p>\n<p align=\"justify\">Links: \u2028El art\u00edculo del Cardenal Filoni en Tripod:\u2028http:\/\/www.hsstudyc.org.hk<\/p>\n<p align=\"justify\">&nbsp;<\/p>\n<p align=\"right\">Roma (Agencia Fides) &#8211;<\/p>\n","protected":false},"excerpt":{"rendered":"<p>El cardenal Filoni reafirma la validez de la carta del Papa Benedicto XVI a los cat\u00f3licos chinos y del camino interno de la Iglesia en China, en fidelidad al Papa, esperando una Comisi\u00f3n permanente entre Rep\u00fablica Popular y Santa Sede La carta del Papa dirigida a los cat\u00f3licos chinos en 2007 &#8220;sigue siendo v\u00e1lida&#8221; para &hellip; <a href=\"https:\/\/www.biblia.work\/sermones\/el-cardenal-filoni-reafirma-la-validez-de-la-carta-del-papa-benedicto-xvi-a-los-catolicos-chinos\/\" class=\"more-link\">Continuar leyendo<span class=\"screen-reader-text\"> \u00abEl cardenal Filoni reafirma la validez de la carta del Papa Benedicto XVI a los cat\u00f3licos chinos\u00bb<\/span><\/a><\/p>\n","protected":false},"author":1,"featured_media":0,"comment_status":"open","ping_status":"closed","sticky":false,"template":"","format":"standard","meta":{"footnotes":""},"categories":[1],"tags":[],"class_list":["post-38672","post","type-post","status-publish","format-standard","hentry","category-general"],"_links":{"self":[{"href":"https:\/\/www.biblia.work\/sermones\/wp-json\/wp\/v2\/posts\/38672","targetHints":{"allow":["GET"]}}],"collection":[{"href":"https:\/\/www.biblia.work\/sermones\/wp-json\/wp\/v2\/posts"}],"about":[{"href":"https:\/\/www.biblia.work\/sermones\/wp-json\/wp\/v2\/types\/post"}],"author":[{"embeddable":true,"href":"https:\/\/www.biblia.work\/sermones\/wp-json\/wp\/v2\/users\/1"}],"replies":[{"embeddable":true,"href":"https:\/\/www.biblia.work\/sermones\/wp-json\/wp\/v2\/comments?post=38672"}],"version-history":[{"count":0,"href":"https:\/\/www.biblia.work\/sermones\/wp-json\/wp\/v2\/posts\/38672\/revisions"}],"wp:attachment":[{"href":"https:\/\/www.biblia.work\/sermones\/wp-json\/wp\/v2\/media?parent=38672"}],"wp:term":[{"taxonomy":"category","embeddable":true,"href":"https:\/\/www.biblia.work\/sermones\/wp-json\/wp\/v2\/categories?post=38672"},{"taxonomy":"post_tag","embeddable":true,"href":"https:\/\/www.biblia.work\/sermones\/wp-json\/wp\/v2\/tags?post=38672"}],"curies":[{"name":"wp","href":"https:\/\/api.w.org\/{rel}","templated":true}]}}