{"id":38675,"date":"2016-06-21T18:13:47","date_gmt":"2016-06-21T23:13:47","guid":{"rendered":"http:\/\/www.biblia.work\/sermones\/declaraciones-del-padre-lombardi-sobre-paolo-gabriele-quien-desde-esta-manana-esta-ya-recluido-en-cumplimiento-con-la-sentencia\/"},"modified":"2016-06-21T18:13:47","modified_gmt":"2016-06-21T23:13:47","slug":"declaraciones-del-padre-lombardi-sobre-paolo-gabriele-quien-desde-esta-manana-esta-ya-recluido-en-cumplimiento-con-la-sentencia","status":"publish","type":"post","link":"https:\/\/www.biblia.work\/sermones\/declaraciones-del-padre-lombardi-sobre-paolo-gabriele-quien-desde-esta-manana-esta-ya-recluido-en-cumplimiento-con-la-sentencia\/","title":{"rendered":"Declaraciones del padre Lombardi sobre Paolo Gabriele, quien desde esta ma\u00f1ana est\u00e1 ya recluido en cumplimiento con la sentencia"},"content":{"rendered":"<p align=\"justify\">Dado que no ha habido apelaci\u00f3n contra la sentencia de Paolo Gabriele del pasado 6 de octubre, la misma pasa a ser definitiva. Por eso, por mandato del Presidente del Tribunal, el Promotor de Justicia ha dispuesto esta ma\u00f1ana la reclusi\u00f3n en ejecuci\u00f3n de la sentencia. La ordenanza ser\u00e1 cumplida hoy\u201d.<\/p>\n<p align=\"justify\">Ha declarado esta ma\u00f1ana el director de la Oficina de Prensa de la Santa Sede, padre Federico Lombardi S.I.<\/p>\n","protected":false},"excerpt":{"rendered":"<p>Dado que no ha habido apelaci\u00f3n contra la sentencia de Paolo Gabriele del pasado 6 de octubre, la misma pasa a ser definitiva. Por eso, por mandato del Presidente del Tribunal, el Promotor de Justicia ha dispuesto esta ma\u00f1ana la reclusi\u00f3n en ejecuci\u00f3n de la sentencia. La ordenanza ser\u00e1 cumplida hoy\u201d. Ha declarado esta ma\u00f1ana &hellip; <a href=\"https:\/\/www.biblia.work\/sermones\/declaraciones-del-padre-lombardi-sobre-paolo-gabriele-quien-desde-esta-manana-esta-ya-recluido-en-cumplimiento-con-la-sentencia\/\" class=\"more-link\">Continuar leyendo<span class=\"screen-reader-text\"> \u00abDeclaraciones del padre Lombardi sobre Paolo Gabriele, quien desde esta ma\u00f1ana est\u00e1 ya recluido en cumplimiento con la sentencia\u00bb<\/span><\/a><\/p>\n","protected":false},"author":1,"featured_media":0,"comment_status":"open","ping_status":"closed","sticky":false,"template":"","format":"standard","meta":{"footnotes":""},"categories":[1],"tags":[],"class_list":["post-38675","post","type-post","status-publish","format-standard","hentry","category-general"],"_links":{"self":[{"href":"https:\/\/www.biblia.work\/sermones\/wp-json\/wp\/v2\/posts\/38675","targetHints":{"allow":["GET"]}}],"collection":[{"href":"https:\/\/www.biblia.work\/sermones\/wp-json\/wp\/v2\/posts"}],"about":[{"href":"https:\/\/www.biblia.work\/sermones\/wp-json\/wp\/v2\/types\/post"}],"author":[{"embeddable":true,"href":"https:\/\/www.biblia.work\/sermones\/wp-json\/wp\/v2\/users\/1"}],"replies":[{"embeddable":true,"href":"https:\/\/www.biblia.work\/sermones\/wp-json\/wp\/v2\/comments?post=38675"}],"version-history":[{"count":0,"href":"https:\/\/www.biblia.work\/sermones\/wp-json\/wp\/v2\/posts\/38675\/revisions"}],"wp:attachment":[{"href":"https:\/\/www.biblia.work\/sermones\/wp-json\/wp\/v2\/media?parent=38675"}],"wp:term":[{"taxonomy":"category","embeddable":true,"href":"https:\/\/www.biblia.work\/sermones\/wp-json\/wp\/v2\/categories?post=38675"},{"taxonomy":"post_tag","embeddable":true,"href":"https:\/\/www.biblia.work\/sermones\/wp-json\/wp\/v2\/tags?post=38675"}],"curies":[{"name":"wp","href":"https:\/\/api.w.org\/{rel}","templated":true}]}}