{"id":38676,"date":"2016-06-21T18:13:51","date_gmt":"2016-06-21T23:13:51","guid":{"rendered":"http:\/\/www.biblia.work\/sermones\/vatileaks-nota-de-la-secretaria-de-estado-de-la-santa-sede-sobre-la-sentencia-a-paolo-gabriele-y-el-posible-indulto\/"},"modified":"2016-06-21T18:13:51","modified_gmt":"2016-06-21T23:13:51","slug":"vatileaks-nota-de-la-secretaria-de-estado-de-la-santa-sede-sobre-la-sentencia-a-paolo-gabriele-y-el-posible-indulto","status":"publish","type":"post","link":"https:\/\/www.biblia.work\/sermones\/vatileaks-nota-de-la-secretaria-de-estado-de-la-santa-sede-sobre-la-sentencia-a-paolo-gabriele-y-el-posible-indulto\/","title":{"rendered":"Vatileaks: Nota de la Secretar\u00eda de Estado de la Santa Sede sobre la sentencia a Paolo Gabriele y el posible indulto"},"content":{"rendered":"<p align=\"justify\">\u201cLa sentencia del proceso a Paolo Gabriele, ahora definitiva, concluye un caso triste, que ha tenido consecuencias muy dolorosas\u201d.<\/p>\n<p align=\"justify\">\u201cHa habido una ofensa personal al Santo Padre; se ha violado el derecho a la reserva de muchas personas que se hab\u00edan dirigido al Papa por motivos de las funciones que desempe\u00f1an; se ha perjudicado a la Santa Sede y a sus instituciones; se han obstaculizado las comunicaciones entre los obispo del mundo y la Santa Sede ha causado esc\u00e1ndalo a la comunidad de los fieles. En fin, por un per\u00edodo de diversos meses se ha turbado la serenidad de la comunidad de trabajo que diariamente est\u00e1 al servicio del Sucesor de Pedro\u201d.<\/p>\n<p align=\"justify\">\u201cEl imputado ha sido reconocido culpable al t\u00e9rmino de un procedimiento judicial que se ha desarrollado con transparencia, ecuanimidad y con pleno respeto del derecho a la defensa. El debate ha acertado los hechos, revelando que el sr. Gabriele ha actuado su proyecto delictivo sin instigaci\u00f3n o incitaci\u00f3n por parte de otros, sino bas\u00e1ndose en convicciones personales que, de ninguna manera, se pueden compartir. Las diversas conjeturas sobre la existencia de un complot o de la implicaci\u00f3n de m\u00e1s personas, a la luz de la sentencia, se han revelado infundadas\u201d.<\/p>\n<p align=\"justify\">\u201cCon la sentencia definitiva el sr. Gabriele tendr\u00e1 que cumplir el per\u00edodo de detenci\u00f3n que se le ha infligido. Adem\u00e1s, se abre ahora en contra suya, el procedimiento para la destituci\u00f3n de derecho, prevista en el Reglamento General de la Curia Romana\u201d,<\/p>\n<p align=\"justify\">\u201cEn relaci\u00f3n con la medida de detenci\u00f3n queda abierta la eventualidad de la concesi\u00f3n del indulto que, como se ha recordado varias veces, es un acto soberano del Santo Padre. No obstante, la misma, presupone, razonablemente, el arrepentimiento del reo y la petici\u00f3n sincera de perd\u00f3n al Sumo Pont\u00edfice y a cuantos han sido ofendidos injustamente\u201d.<\/p>\n<p align=\"justify\">\u201cSi se compara con el da\u00f1o causado, la pena aplicada resulta, al mismo tiempo, ligera y ecua, debido a la peculiaridad del ordenamiento jur\u00eddico del que emana\u201d.<\/p>\n<p align=\"justify\">&nbsp;<\/p>\n","protected":false},"excerpt":{"rendered":"<p>\u201cLa sentencia del proceso a Paolo Gabriele, ahora definitiva, concluye un caso triste, que ha tenido consecuencias muy dolorosas\u201d. \u201cHa habido una ofensa personal al Santo Padre; se ha violado el derecho a la reserva de muchas personas que se hab\u00edan dirigido al Papa por motivos de las funciones que desempe\u00f1an; se ha perjudicado a &hellip; <a href=\"https:\/\/www.biblia.work\/sermones\/vatileaks-nota-de-la-secretaria-de-estado-de-la-santa-sede-sobre-la-sentencia-a-paolo-gabriele-y-el-posible-indulto\/\" class=\"more-link\">Continuar leyendo<span class=\"screen-reader-text\"> \u00abVatileaks: Nota de la Secretar\u00eda de Estado de la Santa Sede sobre la sentencia a Paolo Gabriele y el posible indulto\u00bb<\/span><\/a><\/p>\n","protected":false},"author":1,"featured_media":0,"comment_status":"open","ping_status":"closed","sticky":false,"template":"","format":"standard","meta":{"footnotes":""},"categories":[1],"tags":[],"class_list":["post-38676","post","type-post","status-publish","format-standard","hentry","category-general"],"_links":{"self":[{"href":"https:\/\/www.biblia.work\/sermones\/wp-json\/wp\/v2\/posts\/38676","targetHints":{"allow":["GET"]}}],"collection":[{"href":"https:\/\/www.biblia.work\/sermones\/wp-json\/wp\/v2\/posts"}],"about":[{"href":"https:\/\/www.biblia.work\/sermones\/wp-json\/wp\/v2\/types\/post"}],"author":[{"embeddable":true,"href":"https:\/\/www.biblia.work\/sermones\/wp-json\/wp\/v2\/users\/1"}],"replies":[{"embeddable":true,"href":"https:\/\/www.biblia.work\/sermones\/wp-json\/wp\/v2\/comments?post=38676"}],"version-history":[{"count":0,"href":"https:\/\/www.biblia.work\/sermones\/wp-json\/wp\/v2\/posts\/38676\/revisions"}],"wp:attachment":[{"href":"https:\/\/www.biblia.work\/sermones\/wp-json\/wp\/v2\/media?parent=38676"}],"wp:term":[{"taxonomy":"category","embeddable":true,"href":"https:\/\/www.biblia.work\/sermones\/wp-json\/wp\/v2\/categories?post=38676"},{"taxonomy":"post_tag","embeddable":true,"href":"https:\/\/www.biblia.work\/sermones\/wp-json\/wp\/v2\/tags?post=38676"}],"curies":[{"name":"wp","href":"https:\/\/api.w.org\/{rel}","templated":true}]}}