{"id":38677,"date":"2016-06-21T18:13:56","date_gmt":"2016-06-21T23:13:56","guid":{"rendered":"http:\/\/www.biblia.work\/sermones\/presentacion-en-roma-de-los-dos-libros-del-viaje-del-papa-benedicto-xvi-a-benin-en-noviembre-de-2011\/"},"modified":"2016-06-21T18:13:56","modified_gmt":"2016-06-21T23:13:56","slug":"presentacion-en-roma-de-los-dos-libros-del-viaje-del-papa-benedicto-xvi-a-benin-en-noviembre-de-2011","status":"publish","type":"post","link":"https:\/\/www.biblia.work\/sermones\/presentacion-en-roma-de-los-dos-libros-del-viaje-del-papa-benedicto-xvi-a-benin-en-noviembre-de-2011\/","title":{"rendered":"Presentaci\u00f3n en Roma de los dos libros del viaje del Papa Benedicto XVI a Ben\u00edn en noviembre de 2011"},"content":{"rendered":"<p align=\"justify\">El lunes 29 de octubre a las 17 horas en el Aula Pablo VI de la Pontificia Universidad Lateranense se presentar\u00e1n los dos vol\u00famenes preparados por la Embajada de Ben\u00edn ante la Santa Sede \u00ab<em>Le B\u00e9nin et le Saint-Si\u00e8ge<\/em>\u00bb e \u00ab<em>Le Pape Beno\u00eet XVI au B\u00e9nin<\/em>\u00bb.<\/p>\n<p align=\"justify\">Un evento promovido por el \u00c1rea de investigaci\u00f3n para los Estudios interdisciplinares para el desarrollo de la cultura Africana del Ateneo Lateranense, de la Embajada de Ben\u00edn ante la Santa Sede y de la\u00a0<em>Librer\u00eda Editrice Vaticana<\/em>\u00a0(LEV) que edita estos vol\u00famenes.<\/p>\n<p align=\"justify\">El discurso de bienvenida correr\u00e1 a cargo del Rector Magn\u00edfico del Ateneo, Mons. Enrico dal Covolo, del Director de la LEV, don Giuseppe Costa, del director del \u00c1rea de investigaci\u00f3n Martin Nkafu Nkemnkia y del Pro Rector de la Universidad Patrick Valdrini, con la participaci\u00f3n de los cardenales Giuseppe BErtello y Robert Sarah, Presidente del Gobernatorato de la Ciudad del Vaticano y del Pontificio Consejo Cor Unum y del Embajador de Ben\u00edn ante la Santa Sede Sr. Th\u00e9odor C. Loko. Modera el encuentro el padre Jean Pierre Bodjoko, responsable de la oficina de promoci\u00f3n para \u00c1frica de Radio Vaticano.<br \/>\n(Patricia L. J\u00e1uregui Romero \u2013 Radio Vaticano)<\/p>\n","protected":false},"excerpt":{"rendered":"<p>El lunes 29 de octubre a las 17 horas en el Aula Pablo VI de la Pontificia Universidad Lateranense se presentar\u00e1n los dos vol\u00famenes preparados por la Embajada de Ben\u00edn ante la Santa Sede \u00abLe B\u00e9nin et le Saint-Si\u00e8ge\u00bb e \u00abLe Pape Beno\u00eet XVI au B\u00e9nin\u00bb. Un evento promovido por el \u00c1rea de investigaci\u00f3n para &hellip; <a href=\"https:\/\/www.biblia.work\/sermones\/presentacion-en-roma-de-los-dos-libros-del-viaje-del-papa-benedicto-xvi-a-benin-en-noviembre-de-2011\/\" class=\"more-link\">Continuar leyendo<span class=\"screen-reader-text\"> \u00abPresentaci\u00f3n en Roma de los dos libros del viaje del Papa Benedicto XVI a Ben\u00edn en noviembre de 2011\u00bb<\/span><\/a><\/p>\n","protected":false},"author":1,"featured_media":0,"comment_status":"open","ping_status":"closed","sticky":false,"template":"","format":"standard","meta":{"footnotes":""},"categories":[1],"tags":[],"class_list":["post-38677","post","type-post","status-publish","format-standard","hentry","category-general"],"_links":{"self":[{"href":"https:\/\/www.biblia.work\/sermones\/wp-json\/wp\/v2\/posts\/38677","targetHints":{"allow":["GET"]}}],"collection":[{"href":"https:\/\/www.biblia.work\/sermones\/wp-json\/wp\/v2\/posts"}],"about":[{"href":"https:\/\/www.biblia.work\/sermones\/wp-json\/wp\/v2\/types\/post"}],"author":[{"embeddable":true,"href":"https:\/\/www.biblia.work\/sermones\/wp-json\/wp\/v2\/users\/1"}],"replies":[{"embeddable":true,"href":"https:\/\/www.biblia.work\/sermones\/wp-json\/wp\/v2\/comments?post=38677"}],"version-history":[{"count":0,"href":"https:\/\/www.biblia.work\/sermones\/wp-json\/wp\/v2\/posts\/38677\/revisions"}],"wp:attachment":[{"href":"https:\/\/www.biblia.work\/sermones\/wp-json\/wp\/v2\/media?parent=38677"}],"wp:term":[{"taxonomy":"category","embeddable":true,"href":"https:\/\/www.biblia.work\/sermones\/wp-json\/wp\/v2\/categories?post=38677"},{"taxonomy":"post_tag","embeddable":true,"href":"https:\/\/www.biblia.work\/sermones\/wp-json\/wp\/v2\/tags?post=38677"}],"curies":[{"name":"wp","href":"https:\/\/api.w.org\/{rel}","templated":true}]}}