{"id":38679,"date":"2016-06-21T18:14:04","date_gmt":"2016-06-21T23:14:04","guid":{"rendered":"http:\/\/www.biblia.work\/sermones\/en-vigor-el-acuerdo-santa-sede-republica-de-lituania\/"},"modified":"2016-06-21T18:14:04","modified_gmt":"2016-06-21T23:14:04","slug":"en-vigor-el-acuerdo-santa-sede-republica-de-lituania","status":"publish","type":"post","link":"https:\/\/www.biblia.work\/sermones\/en-vigor-el-acuerdo-santa-sede-republica-de-lituania\/","title":{"rendered":"En vigor el acuerdo Santa Sede &#8211; Rep\u00fablica de Lituania"},"content":{"rendered":"<p align=\"justify\">La Santa Sede y la rep\u00fablica de Lituania han notificado, con respectivas notas verbales, el cumplimiento de los relativos procedimientos requeridos para la entrada en vigor del Acuerdo sobre el reconocimiento rec\u00edproco de las calificaciones que ata\u00f1en a la ense\u00f1anza superior (Agreement on the Recognition of Qualification Concerning Higher Education), firmado en Vilna el 8 de junio de 2012.<\/p>\n<p align=\"justify\">Por lo tanto, el Acuerdo, que establece las reglas, los procedimientos y los instrumentos para garantizar el reconocimiento de los estudios superiores ha entrado en vigor el 23 de octubre de 2012, seg\u00fan el art\u00edculo 8, p\u00e1rrafo 2 del mismo \u201cAgreement\u201d.<\/p>\n<p align=\"justify\">&nbsp;<\/p>\n<p align=\"right\">Ciudad del Vaticano, 24 octubre 2012 (VIS).-<\/p>\n","protected":false},"excerpt":{"rendered":"<p>La Santa Sede y la rep\u00fablica de Lituania han notificado, con respectivas notas verbales, el cumplimiento de los relativos procedimientos requeridos para la entrada en vigor del Acuerdo sobre el reconocimiento rec\u00edproco de las calificaciones que ata\u00f1en a la ense\u00f1anza superior (Agreement on the Recognition of Qualification Concerning Higher Education), firmado en Vilna el 8 &hellip; <a href=\"https:\/\/www.biblia.work\/sermones\/en-vigor-el-acuerdo-santa-sede-republica-de-lituania\/\" class=\"more-link\">Continuar leyendo<span class=\"screen-reader-text\"> \u00abEn vigor el acuerdo Santa Sede &#8211; Rep\u00fablica de Lituania\u00bb<\/span><\/a><\/p>\n","protected":false},"author":1,"featured_media":0,"comment_status":"open","ping_status":"closed","sticky":false,"template":"","format":"standard","meta":{"footnotes":""},"categories":[1],"tags":[],"class_list":["post-38679","post","type-post","status-publish","format-standard","hentry","category-general"],"_links":{"self":[{"href":"https:\/\/www.biblia.work\/sermones\/wp-json\/wp\/v2\/posts\/38679","targetHints":{"allow":["GET"]}}],"collection":[{"href":"https:\/\/www.biblia.work\/sermones\/wp-json\/wp\/v2\/posts"}],"about":[{"href":"https:\/\/www.biblia.work\/sermones\/wp-json\/wp\/v2\/types\/post"}],"author":[{"embeddable":true,"href":"https:\/\/www.biblia.work\/sermones\/wp-json\/wp\/v2\/users\/1"}],"replies":[{"embeddable":true,"href":"https:\/\/www.biblia.work\/sermones\/wp-json\/wp\/v2\/comments?post=38679"}],"version-history":[{"count":0,"href":"https:\/\/www.biblia.work\/sermones\/wp-json\/wp\/v2\/posts\/38679\/revisions"}],"wp:attachment":[{"href":"https:\/\/www.biblia.work\/sermones\/wp-json\/wp\/v2\/media?parent=38679"}],"wp:term":[{"taxonomy":"category","embeddable":true,"href":"https:\/\/www.biblia.work\/sermones\/wp-json\/wp\/v2\/categories?post=38679"},{"taxonomy":"post_tag","embeddable":true,"href":"https:\/\/www.biblia.work\/sermones\/wp-json\/wp\/v2\/tags?post=38679"}],"curies":[{"name":"wp","href":"https:\/\/api.w.org\/{rel}","templated":true}]}}