{"id":38682,"date":"2016-06-21T18:14:22","date_gmt":"2016-06-21T23:14:22","guid":{"rendered":"http:\/\/www.biblia.work\/sermones\/publicada-la-sentencia-completa-condentaria-a-paolo-gabriele-por-el-vatileaks\/"},"modified":"2016-06-21T18:14:22","modified_gmt":"2016-06-21T23:14:22","slug":"publicada-la-sentencia-completa-condentaria-a-paolo-gabriele-por-el-vatileaks","status":"publish","type":"post","link":"https:\/\/www.biblia.work\/sermones\/publicada-la-sentencia-completa-condentaria-a-paolo-gabriele-por-el-vatileaks\/","title":{"rendered":"Publicada la sentencia completa condentaria a Paolo Gabriele por el &#8220;Vatileaks&#8221;"},"content":{"rendered":"<p align=\"justify\">Se ha publicado hoy la sentencia del Tribunal de la Ciudad del Vaticano contra Paolo Gabrieli, emitida el pasado 6 de octubre, en la que se le declaraba culpable del delito de robo con agravantes.<\/p>\n<p align=\"justify\">Como se recordar\u00e1 el Tribunal conden\u00f3 a Gabriele a la pena de tres a\u00f1os de reclusi\u00f3n, pero teniendo en cuenta la ausencia de antecedentes penales, los resultados del estado de servicio en \u00e9poca antecedente a los hechos en cuesti\u00f3n, la convicci\u00f3n subjetiva &#8211; si bien err\u00f3nea- indicada por el imputado como motivo de su conducta, adem\u00e1s de su declaraci\u00f3n sobre el haber tomado conciencia de que hab\u00eda traicionado la confianza del Santo Padre, se disminuy\u00f3 la pena a un a\u00f1o y seis meses de reclusi\u00f3n y se lo conden\u00f3 al pago de los gastos procesales.<\/p>\n<p align=\"justify\">El director de la Oficina de Prensa de la Santa Sede, padre Federico Lombardi S.I.,explic\u00f3 esta ma\u00f1ana en un briefing algunos de los puntos de la sentencia, cuyo dictamen se ha centrado en el delito de sustracci\u00f3n de documentos, sobre todo de textos originales, mientras no se han considerado relevantes otros objetos como una pepita de oro, un cheque a nombre del Santo Padre o una edici\u00f3n renacentista de \u201cLa Eneida\u201d, ya que existen contradicciones tanto en la modalidad del registro durante el cual se encontraron, y no resulta la culpabilidad probada de Gabriele.<\/p>\n<p align=\"justify\">Respecto a la imputabilidad del acusado se ha excluido, mediante pericia psiqui\u00e1trica, cualquier grave defecto ps\u00edquico que impidiese que fuera consciente de la responsabilidad de los hechos. Asimismo, el Tribunal se ha preocupado por definir los t\u00e9rminos jur\u00eddicos del delito de robo, es decir, la sustracci\u00f3n de un objeto y su posesi\u00f3n, sin el consenso de su propietario, con el fin de obtener beneficio. Por lo tanto, se trata de robo y no de apropiaci\u00f3n indebida; pero se ha especificado que el beneficio que Gabriele quer\u00eda obtener no era de naturaleza econ\u00f3mica sino intelectual y moral.<\/p>\n<p align=\"justify\">Otro tema es el de la \u201csugesti\u00f3n\u201d de Gabriele por parte de terceras personas. Un t\u00e9rmino interpretado tambi\u00e9n como complicidad o influencia. El imputado ha afirmado que la palabra no significaba colaboraci\u00f3n de otras personas, sino influjo de un ambiente que le hab\u00eda llevado a la convicci\u00f3n subjetiva de actuar por el bien del Santo Padre y de la Iglesia.<\/p>\n<p align=\"justify\">Por cuanto se refiere a la cuesti\u00f3n de los agravantes y atenuantes, el director de la Oficina de Prensa, puntualiz\u00f3 que a los primeros corresponde el robo con abuso de confianza y la difusi\u00f3n de documentos reservados; a los segundos la ausencia de precedentes penales y la convicci\u00f3n moral de Gabriele.<\/p>\n<p align=\"justify\">Hablando de la condena, el padre Lombardi, record\u00f3 que el Tribunal se ha basado en las penas previstas para este delito en el C\u00f3digo Penal; el Promotor de Justicia hab\u00eda pedido para Gabriele la interdicci\u00f3n perpetua de desempe\u00f1ar cargos p\u00fablicos, pero, ya que la condena final es de un a\u00f1o y seis meses, el C\u00f3digo Penal no prev\u00e9 esa medida; de ah\u00ed que dicha interdicci\u00f3n sea limitada. Asimismo, se ha decidido, siempre por la gravedad del delito, no aplicar la suspensi\u00f3n condicional de la pena.<\/p>\n<p align=\"justify\">Por \u00faltimo, el director de la Oficina de Prensa, inform\u00f3 de que Paolo Gabriele sigue en arresto domiciliario, ya que hasta la publicaci\u00f3n de la sentencia, el Promotor de Justicia, ante el Tribunal de la Ciudad del Vaticano, Giovanni Giacobbe, no pod\u00eda recurrir en apelaci\u00f3n. Si no lo hiciera, dentro del t\u00e9rmino establecido, la sentencia ser\u00eda ejecutiva y el imputado tendr\u00eda que cumplir la pena en la prisi\u00f3n del Vaticano, ya que no hay una convenci\u00f3n con el Estado italiano en esta materia. Sin embargo, es siempre posible que el Santo Padre conceda la gracia a Paolo Gabriele, aunque, dado que es una decisi\u00f3n personal, no se puede conocer s\u00ed y cuando lo har\u00e1.<\/p>\n<p align=\"justify\">Para leer el texto completo de la sentencia (en italiano), pulse aqu\u00ed o copie el siguiente enlace:<\/p>\n<p align=\"justify\">http:\/\/ press .catholica.va\/news_services\/bulletin\/news\/29880.php?index=29880&amp;lang=it<\/p>\n","protected":false},"excerpt":{"rendered":"<p>Se ha publicado hoy la sentencia del Tribunal de la Ciudad del Vaticano contra Paolo Gabrieli, emitida el pasado 6 de octubre, en la que se le declaraba culpable del delito de robo con agravantes. Como se recordar\u00e1 el Tribunal conden\u00f3 a Gabriele a la pena de tres a\u00f1os de reclusi\u00f3n, pero teniendo en cuenta &hellip; <a href=\"https:\/\/www.biblia.work\/sermones\/publicada-la-sentencia-completa-condentaria-a-paolo-gabriele-por-el-vatileaks\/\" class=\"more-link\">Continuar leyendo<span class=\"screen-reader-text\"> \u00abPublicada la sentencia completa condentaria a Paolo Gabriele por el &#8220;Vatileaks&#8221;\u00bb<\/span><\/a><\/p>\n","protected":false},"author":1,"featured_media":0,"comment_status":"open","ping_status":"closed","sticky":false,"template":"","format":"standard","meta":{"footnotes":""},"categories":[1],"tags":[],"class_list":["post-38682","post","type-post","status-publish","format-standard","hentry","category-general"],"_links":{"self":[{"href":"https:\/\/www.biblia.work\/sermones\/wp-json\/wp\/v2\/posts\/38682","targetHints":{"allow":["GET"]}}],"collection":[{"href":"https:\/\/www.biblia.work\/sermones\/wp-json\/wp\/v2\/posts"}],"about":[{"href":"https:\/\/www.biblia.work\/sermones\/wp-json\/wp\/v2\/types\/post"}],"author":[{"embeddable":true,"href":"https:\/\/www.biblia.work\/sermones\/wp-json\/wp\/v2\/users\/1"}],"replies":[{"embeddable":true,"href":"https:\/\/www.biblia.work\/sermones\/wp-json\/wp\/v2\/comments?post=38682"}],"version-history":[{"count":0,"href":"https:\/\/www.biblia.work\/sermones\/wp-json\/wp\/v2\/posts\/38682\/revisions"}],"wp:attachment":[{"href":"https:\/\/www.biblia.work\/sermones\/wp-json\/wp\/v2\/media?parent=38682"}],"wp:term":[{"taxonomy":"category","embeddable":true,"href":"https:\/\/www.biblia.work\/sermones\/wp-json\/wp\/v2\/categories?post=38682"},{"taxonomy":"post_tag","embeddable":true,"href":"https:\/\/www.biblia.work\/sermones\/wp-json\/wp\/v2\/tags?post=38682"}],"curies":[{"name":"wp","href":"https:\/\/api.w.org\/{rel}","templated":true}]}}