{"id":38683,"date":"2016-06-21T18:14:26","date_gmt":"2016-06-21T23:14:26","guid":{"rendered":"http:\/\/www.biblia.work\/sermones\/el-cardenal-bertone-habla-sobre-el-sentido-y-preparativos-de-la-mision-eclesial-a-siria-en-nombre-del-papa-y-del-donativo-del-sinodo-al-afecto\/"},"modified":"2016-06-21T18:14:26","modified_gmt":"2016-06-21T23:14:26","slug":"el-cardenal-bertone-habla-sobre-el-sentido-y-preparativos-de-la-mision-eclesial-a-siria-en-nombre-del-papa-y-del-donativo-del-sinodo-al-afecto","status":"publish","type":"post","link":"https:\/\/www.biblia.work\/sermones\/el-cardenal-bertone-habla-sobre-el-sentido-y-preparativos-de-la-mision-eclesial-a-siria-en-nombre-del-papa-y-del-donativo-del-sinodo-al-afecto\/","title":{"rendered":"El cardenal Bertone habla sobre el sentido y preparativos de la misi\u00f3n eclesial a Siria en nombre del Papa y del donativo del S\u00ednodo al afecto"},"content":{"rendered":"<p align=\"justify\">El cardenal Tarcisio Bertone, secretario de Estado, ha hablado esta ma\u00f1ana durante los trabajos de la Asamblea sinodal acerca del env\u00edo de una delegaci\u00f3n de padres sinodales a Damasco (Siria).<\/p>\n<p align=\"justify\">\u201cEl martes pasado -dijo- anunci\u00e9 ante esta asamblea la decisi\u00f3n del Santo Padre de enviar una delegaci\u00f3n a Damasco para expresar su solidaridad, la del S\u00ednodo y la de toda la Iglesia a la poblaci\u00f3n de Siria que desgraciadamente, desde hace tiempo vive,una tr\u00e1gica situaci\u00f3n de sufrimiento, y manifestar nuestra cercan\u00eda espiritual a los hermanos y hermanas cristianas de ese pa\u00eds, junto al aliento a cuantos est\u00e1n comprometidos en la b\u00fasqueda de una soluci\u00f3n respetuosa de los derechos y los deberes de todos\u201d.<\/p>\n<p align=\"justify\">\u201cLa iniciativa ha tenido un eco muy amplio, no solamente en Roma o en Siria, sino en \u00e1mbito internacional y ha recibido una acogida positiva\u201d.<\/p>\n<p align=\"justify\">\u201cQuiero comunicaros, ante todo, que se ha seguido estudiando la cuesti\u00f3n y preparando la visita, no obstante los tr\u00e1gicos sucesos ocurridos hace pocos d\u00edas en la regi\u00f3n\u201d.<\/p>\n<p align=\"justify\">\u201cComo es sabido es muy vivo el deseo de expresar la cercan\u00eda de la Santa Sede y de la Iglesia universal, a trav\u00e9s de una delegaci\u00f3n que vaya a Damasco, en los tiempos y modalidades que ser\u00e1n anunciadas, despu\u00e9s de ser definidas a la luz de los contactos y de los preparativos que se est\u00e1n efectuando. Considerada la gravedad de la situaci\u00f3n, la visita ser\u00e1 postergada, probablemente hasta despu\u00e9s de la conclusi\u00f3n del S\u00ednodo; y, se modificar\u00e1, de alguna forma la composici\u00f3n de la delegaci\u00f3n, debido tambi\u00e9n a los compromisos de sus miembros\u201d.<\/p>\n<p align=\"justify\">\u201cLa contribuci\u00f3n de los donativos personales de los Padres Sinodales, junto a los de la Santa Sede ser\u00e1 enviada a Siria, despu\u00e9s del S\u00ednodo, como gesto de solidaridad fraternal a toda la poblaci\u00f3n\u201d.<\/p>\n<p align=\"justify\">\u201cAnte todo prosigue la tarea de la oraci\u00f3n que el Se\u00f1or acoge siempre y a la que os invito a uniros con confianza renovada\u201d.<\/p>\n","protected":false},"excerpt":{"rendered":"<p>El cardenal Tarcisio Bertone, secretario de Estado, ha hablado esta ma\u00f1ana durante los trabajos de la Asamblea sinodal acerca del env\u00edo de una delegaci\u00f3n de padres sinodales a Damasco (Siria). \u201cEl martes pasado -dijo- anunci\u00e9 ante esta asamblea la decisi\u00f3n del Santo Padre de enviar una delegaci\u00f3n a Damasco para expresar su solidaridad, la del &hellip; <a href=\"https:\/\/www.biblia.work\/sermones\/el-cardenal-bertone-habla-sobre-el-sentido-y-preparativos-de-la-mision-eclesial-a-siria-en-nombre-del-papa-y-del-donativo-del-sinodo-al-afecto\/\" class=\"more-link\">Continuar leyendo<span class=\"screen-reader-text\"> \u00abEl cardenal Bertone habla sobre el sentido y preparativos de la misi\u00f3n eclesial a Siria en nombre del Papa y del donativo del S\u00ednodo al afecto\u00bb<\/span><\/a><\/p>\n","protected":false},"author":1,"featured_media":0,"comment_status":"open","ping_status":"closed","sticky":false,"template":"","format":"standard","meta":{"footnotes":""},"categories":[1],"tags":[],"class_list":["post-38683","post","type-post","status-publish","format-standard","hentry","category-general"],"_links":{"self":[{"href":"https:\/\/www.biblia.work\/sermones\/wp-json\/wp\/v2\/posts\/38683","targetHints":{"allow":["GET"]}}],"collection":[{"href":"https:\/\/www.biblia.work\/sermones\/wp-json\/wp\/v2\/posts"}],"about":[{"href":"https:\/\/www.biblia.work\/sermones\/wp-json\/wp\/v2\/types\/post"}],"author":[{"embeddable":true,"href":"https:\/\/www.biblia.work\/sermones\/wp-json\/wp\/v2\/users\/1"}],"replies":[{"embeddable":true,"href":"https:\/\/www.biblia.work\/sermones\/wp-json\/wp\/v2\/comments?post=38683"}],"version-history":[{"count":0,"href":"https:\/\/www.biblia.work\/sermones\/wp-json\/wp\/v2\/posts\/38683\/revisions"}],"wp:attachment":[{"href":"https:\/\/www.biblia.work\/sermones\/wp-json\/wp\/v2\/media?parent=38683"}],"wp:term":[{"taxonomy":"category","embeddable":true,"href":"https:\/\/www.biblia.work\/sermones\/wp-json\/wp\/v2\/categories?post=38683"},{"taxonomy":"post_tag","embeddable":true,"href":"https:\/\/www.biblia.work\/sermones\/wp-json\/wp\/v2\/tags?post=38683"}],"curies":[{"name":"wp","href":"https:\/\/api.w.org\/{rel}","templated":true}]}}