{"id":38687,"date":"2016-06-21T18:14:47","date_gmt":"2016-06-21T23:14:47","guid":{"rendered":"http:\/\/www.biblia.work\/sermones\/saludo-en-espanol-del-papa-benedicto-xvi-tras-la-misa-y-angelus-del-21-octubre-2012-domund-2012-y-canonizacion-de-siete-nuevos-santos\/"},"modified":"2016-06-21T18:14:47","modified_gmt":"2016-06-21T23:14:47","slug":"saludo-en-espanol-del-papa-benedicto-xvi-tras-la-misa-y-angelus-del-21-octubre-2012-domund-2012-y-canonizacion-de-siete-nuevos-santos","status":"publish","type":"post","link":"https:\/\/www.biblia.work\/sermones\/saludo-en-espanol-del-papa-benedicto-xvi-tras-la-misa-y-angelus-del-21-octubre-2012-domund-2012-y-canonizacion-de-siete-nuevos-santos\/","title":{"rendered":"Saludo en espa\u00f1ol del Papa Benedicto XVI tras la misa y \u00e1ngelus del 21 octubre 2012 (Domund 2012 y canonizaci\u00f3n de siete nuevos santos)"},"content":{"rendered":"<p align=\"justify\">Saludo cordialmente a los peregrinos de lengua espa\u00f1ola, en particular a la delegaci\u00f3n oficial de Espa\u00f1a, as\u00ed como a los pastores y fieles aqu\u00ed presentes para la canonizaci\u00f3n de la Madre Carmen Sall\u00e9s y Barangueras.<\/p>\n<p align=\"justify\">Desde el cielo, ella sigue exhortando a todos, pero especialmente a sus hijas, las Religiosas Concepcionistas Misioneras de la Ense\u00f1anza, a acoger y meditar fielmente en su coraz\u00f3n la palabra de Dios, llev\u00e1ndola a la pr\u00e1ctica con esp\u00edritu de servicio, confianza y humildad, a ejemplo de la Inmaculada Virgen Mar\u00eda.<\/p>\n<p align=\"justify\">Que, ayudados con la intercesi\u00f3n de la nueva Santa, sean cada vez m\u00e1s quienes anuncien y den testimonio con valent\u00eda del Evangelio de Jesucristo, sobre todo entre los j\u00f3venes. Feliz domingo.<\/p>\n","protected":false},"excerpt":{"rendered":"<p>Saludo cordialmente a los peregrinos de lengua espa\u00f1ola, en particular a la delegaci\u00f3n oficial de Espa\u00f1a, as\u00ed como a los pastores y fieles aqu\u00ed presentes para la canonizaci\u00f3n de la Madre Carmen Sall\u00e9s y Barangueras. Desde el cielo, ella sigue exhortando a todos, pero especialmente a sus hijas, las Religiosas Concepcionistas Misioneras de la Ense\u00f1anza, &hellip; <a href=\"https:\/\/www.biblia.work\/sermones\/saludo-en-espanol-del-papa-benedicto-xvi-tras-la-misa-y-angelus-del-21-octubre-2012-domund-2012-y-canonizacion-de-siete-nuevos-santos\/\" class=\"more-link\">Continuar leyendo<span class=\"screen-reader-text\"> \u00abSaludo en espa\u00f1ol del Papa Benedicto XVI tras la misa y \u00e1ngelus del 21 octubre 2012 (Domund 2012 y canonizaci\u00f3n de siete nuevos santos)\u00bb<\/span><\/a><\/p>\n","protected":false},"author":1,"featured_media":0,"comment_status":"open","ping_status":"closed","sticky":false,"template":"","format":"standard","meta":{"footnotes":""},"categories":[1],"tags":[],"class_list":["post-38687","post","type-post","status-publish","format-standard","hentry","category-general"],"_links":{"self":[{"href":"https:\/\/www.biblia.work\/sermones\/wp-json\/wp\/v2\/posts\/38687","targetHints":{"allow":["GET"]}}],"collection":[{"href":"https:\/\/www.biblia.work\/sermones\/wp-json\/wp\/v2\/posts"}],"about":[{"href":"https:\/\/www.biblia.work\/sermones\/wp-json\/wp\/v2\/types\/post"}],"author":[{"embeddable":true,"href":"https:\/\/www.biblia.work\/sermones\/wp-json\/wp\/v2\/users\/1"}],"replies":[{"embeddable":true,"href":"https:\/\/www.biblia.work\/sermones\/wp-json\/wp\/v2\/comments?post=38687"}],"version-history":[{"count":0,"href":"https:\/\/www.biblia.work\/sermones\/wp-json\/wp\/v2\/posts\/38687\/revisions"}],"wp:attachment":[{"href":"https:\/\/www.biblia.work\/sermones\/wp-json\/wp\/v2\/media?parent=38687"}],"wp:term":[{"taxonomy":"category","embeddable":true,"href":"https:\/\/www.biblia.work\/sermones\/wp-json\/wp\/v2\/categories?post=38687"},{"taxonomy":"post_tag","embeddable":true,"href":"https:\/\/www.biblia.work\/sermones\/wp-json\/wp\/v2\/tags?post=38687"}],"curies":[{"name":"wp","href":"https:\/\/api.w.org\/{rel}","templated":true}]}}