{"id":38688,"date":"2016-06-21T18:14:53","date_gmt":"2016-06-21T23:14:53","guid":{"rendered":"http:\/\/www.biblia.work\/sermones\/palabras-de-benedicto-xvi-sobre-santa-maria-del-carmelo-salles-y-barangueras-en-su-canonizacion-21-octubre-2012\/"},"modified":"2016-06-21T18:14:53","modified_gmt":"2016-06-21T23:14:53","slug":"palabras-de-benedicto-xvi-sobre-santa-maria-del-carmelo-salles-y-barangueras-en-su-canonizacion-21-octubre-2012","status":"publish","type":"post","link":"https:\/\/www.biblia.work\/sermones\/palabras-de-benedicto-xvi-sobre-santa-maria-del-carmelo-salles-y-barangueras-en-su-canonizacion-21-octubre-2012\/","title":{"rendered":"Palabras de Benedicto XVI sobre Santa Mar\u00eda del Carmelo Sall\u00e9s y Barangueras, en su canonizaci\u00f3n, 21 octubre 2012"},"content":{"rendered":"<p style=\"text-align: justify;\">\u00abQue tu misericordia, Se\u00f1or, venga sobre nosotros como lo esperamos de ti\u00bb. Con estas palabras, la liturgia nos invita a hacer nuestro este himno al Dios creador y providente, aceptando su plan en nuestras vidas. As\u00ed lo hizo <strong>Santa Mar\u00eda del Carmelo Sall\u00e9s y Barangueras<\/strong>, religiosa nacida en Vic, Espa\u00f1a, en 1848.<\/p>\n<p align=\"justify\">Ella, viendo colmada su esperanza, despu\u00e9s de muchos avatares, al contemplar el progreso de la Congregaci\u00f3n de Religiosas Concepcionistas Misioneras de la Ense\u00f1anza, que hab\u00eda fundado en 1892, pudo cantar junto a la Madre de Dios: \u00abSu misericordia llega a sus fieles de generaci\u00f3n en generaci\u00f3n\u00bb. Su obra educativa, confiada a la Virgen Inmaculada, sigue dando abundantes frutos entre la juventud a trav\u00e9s de la entrega generosa de sus hijas, que como ella se encomiendan al Dios que todo lo puede.<\/p>\n","protected":false},"excerpt":{"rendered":"<p>\u00abQue tu misericordia, Se\u00f1or, venga sobre nosotros como lo esperamos de ti\u00bb. Con estas palabras, la liturgia nos invita a hacer nuestro este himno al Dios creador y providente, aceptando su plan en nuestras vidas. As\u00ed lo hizo Santa Mar\u00eda del Carmelo Sall\u00e9s y Barangueras, religiosa nacida en Vic, Espa\u00f1a, en 1848. Ella, viendo colmada &hellip; <a href=\"https:\/\/www.biblia.work\/sermones\/palabras-de-benedicto-xvi-sobre-santa-maria-del-carmelo-salles-y-barangueras-en-su-canonizacion-21-octubre-2012\/\" class=\"more-link\">Continuar leyendo<span class=\"screen-reader-text\"> \u00abPalabras de Benedicto XVI sobre Santa Mar\u00eda del Carmelo Sall\u00e9s y Barangueras, en su canonizaci\u00f3n, 21 octubre 2012\u00bb<\/span><\/a><\/p>\n","protected":false},"author":1,"featured_media":0,"comment_status":"open","ping_status":"closed","sticky":false,"template":"","format":"standard","meta":{"footnotes":""},"categories":[1],"tags":[],"class_list":["post-38688","post","type-post","status-publish","format-standard","hentry","category-general"],"_links":{"self":[{"href":"https:\/\/www.biblia.work\/sermones\/wp-json\/wp\/v2\/posts\/38688","targetHints":{"allow":["GET"]}}],"collection":[{"href":"https:\/\/www.biblia.work\/sermones\/wp-json\/wp\/v2\/posts"}],"about":[{"href":"https:\/\/www.biblia.work\/sermones\/wp-json\/wp\/v2\/types\/post"}],"author":[{"embeddable":true,"href":"https:\/\/www.biblia.work\/sermones\/wp-json\/wp\/v2\/users\/1"}],"replies":[{"embeddable":true,"href":"https:\/\/www.biblia.work\/sermones\/wp-json\/wp\/v2\/comments?post=38688"}],"version-history":[{"count":0,"href":"https:\/\/www.biblia.work\/sermones\/wp-json\/wp\/v2\/posts\/38688\/revisions"}],"wp:attachment":[{"href":"https:\/\/www.biblia.work\/sermones\/wp-json\/wp\/v2\/media?parent=38688"}],"wp:term":[{"taxonomy":"category","embeddable":true,"href":"https:\/\/www.biblia.work\/sermones\/wp-json\/wp\/v2\/categories?post=38688"},{"taxonomy":"post_tag","embeddable":true,"href":"https:\/\/www.biblia.work\/sermones\/wp-json\/wp\/v2\/tags?post=38688"}],"curies":[{"name":"wp","href":"https:\/\/api.w.org\/{rel}","templated":true}]}}