{"id":38690,"date":"2016-06-21T18:15:06","date_gmt":"2016-06-21T23:15:06","guid":{"rendered":"http:\/\/www.biblia.work\/sermones\/el-papa-benedicto-xvi-envia-un-telegrama-de-pesame-tras-los-atentados-de-ayer-en-el-libano\/"},"modified":"2016-06-21T18:15:06","modified_gmt":"2016-06-21T23:15:06","slug":"el-papa-benedicto-xvi-envia-un-telegrama-de-pesame-tras-los-atentados-de-ayer-en-el-libano","status":"publish","type":"post","link":"https:\/\/www.biblia.work\/sermones\/el-papa-benedicto-xvi-envia-un-telegrama-de-pesame-tras-los-atentados-de-ayer-en-el-libano\/","title":{"rendered":"El Papa Benedicto XVI env\u00eda un telegrama de p\u00e9same tras los atentados de ayer en El L\u00edbano"},"content":{"rendered":"<p align=\"justify\">El Santo Padre, a trav\u00e9s del cardenal <strong>Tarcisio Bertone<\/strong> ,Secretario de Estado, ha enviado un telegrama a Su Beatitud <strong>B\u00e9chara Boutros Ra\u00ef<\/strong>, Patriarca de Antioquia de los Maronitas (L\u00edbano), a ra\u00edz del atentado de ayer viernes en una zona comercial de<strong> Beirut<\/strong> que caus\u00f3 la muerte de ocho personas y numerosos heridos.<\/p>\n<p align=\"justify\">\u201cAl tener noticia del terrible atentado en Beirut que ha provocado tantas v\u00edctimas -dice el texto- Su Santidad el Papa Benedicto XVI, se une con la oraci\u00f3n al dolor y al duelo de las familias y a la tristeza de todos los libaneses. Conf\u00eda las v\u00edctimas a Dios misericordioso, pidi\u00e9ndole que las acoja en su luz.<\/p>\n<p align=\"justify\">Manifiesta su profunda cercan\u00eda a los heridos y a sus familiares y suplica al Se\u00f1or que los ayude y consuele en sus pruebas. Como hizo durante su viaje apost\u00f3lico en L\u00edbano, el Santo Padre condena de nuevo la violencia que genera tantos sufrimientos y pide a Dios que de al L\u00edbano y a toda la regi\u00f3n el don de la paz y de la reconciliaci\u00f3n. De todo coraz\u00f3n, Su Santidad, invoca para las familias en duelo y para todos los libaneses la abundancia de bendiciones divinas\u201d.<\/p>\n<p align=\"justify\">&nbsp;<\/p>\n<p align=\"justify\">&nbsp;<\/p>\n","protected":false},"excerpt":{"rendered":"<p>El Santo Padre, a trav\u00e9s del cardenal Tarcisio Bertone ,Secretario de Estado, ha enviado un telegrama a Su Beatitud B\u00e9chara Boutros Ra\u00ef, Patriarca de Antioquia de los Maronitas (L\u00edbano), a ra\u00edz del atentado de ayer viernes en una zona comercial de Beirut que caus\u00f3 la muerte de ocho personas y numerosos heridos. \u201cAl tener noticia &hellip; <a href=\"https:\/\/www.biblia.work\/sermones\/el-papa-benedicto-xvi-envia-un-telegrama-de-pesame-tras-los-atentados-de-ayer-en-el-libano\/\" class=\"more-link\">Continuar leyendo<span class=\"screen-reader-text\"> \u00abEl Papa Benedicto XVI env\u00eda un telegrama de p\u00e9same tras los atentados de ayer en El L\u00edbano\u00bb<\/span><\/a><\/p>\n","protected":false},"author":1,"featured_media":0,"comment_status":"open","ping_status":"closed","sticky":false,"template":"","format":"standard","meta":{"footnotes":""},"categories":[1],"tags":[],"class_list":["post-38690","post","type-post","status-publish","format-standard","hentry","category-general"],"_links":{"self":[{"href":"https:\/\/www.biblia.work\/sermones\/wp-json\/wp\/v2\/posts\/38690","targetHints":{"allow":["GET"]}}],"collection":[{"href":"https:\/\/www.biblia.work\/sermones\/wp-json\/wp\/v2\/posts"}],"about":[{"href":"https:\/\/www.biblia.work\/sermones\/wp-json\/wp\/v2\/types\/post"}],"author":[{"embeddable":true,"href":"https:\/\/www.biblia.work\/sermones\/wp-json\/wp\/v2\/users\/1"}],"replies":[{"embeddable":true,"href":"https:\/\/www.biblia.work\/sermones\/wp-json\/wp\/v2\/comments?post=38690"}],"version-history":[{"count":0,"href":"https:\/\/www.biblia.work\/sermones\/wp-json\/wp\/v2\/posts\/38690\/revisions"}],"wp:attachment":[{"href":"https:\/\/www.biblia.work\/sermones\/wp-json\/wp\/v2\/media?parent=38690"}],"wp:term":[{"taxonomy":"category","embeddable":true,"href":"https:\/\/www.biblia.work\/sermones\/wp-json\/wp\/v2\/categories?post=38690"},{"taxonomy":"post_tag","embeddable":true,"href":"https:\/\/www.biblia.work\/sermones\/wp-json\/wp\/v2\/tags?post=38690"}],"curies":[{"name":"wp","href":"https:\/\/api.w.org\/{rel}","templated":true}]}}