{"id":39314,"date":"2016-10-05T22:31:32","date_gmt":"2016-10-06T03:31:32","guid":{"rendered":"http:\/\/www.biblia.work\/sermones\/adelante-mas-alla-de-los-obstaculos-14-de-febrero-de-2014\/"},"modified":"2016-10-05T22:31:32","modified_gmt":"2016-10-06T03:31:32","slug":"adelante-mas-alla-de-los-obstaculos-14-de-febrero-de-2014","status":"publish","type":"post","link":"https:\/\/www.biblia.work\/sermones\/adelante-mas-alla-de-los-obstaculos-14-de-febrero-de-2014\/","title":{"rendered":"Adelante m\u00e1s all\u00e1 de los obst\u00e1culos (14 de febrero de 2014)"},"content":{"rendered":"<p align=\"center\"><font color=\"#663300\"><b>PAPA FRANCISCO<\/b><\/font><\/p>\n<p align=\"center\"><font color=\"#663300\">MISAS MATUTINAS EN LA CAPILLA <br \/> DE LA <i>DOMUS SANCTAE MARTHAE<\/i><\/font><\/p>\n<p align=\"center\"> <font size=\"4\" color=\"#663300\"> <b><i> Adelante m&aacute;s all&aacute; de los obst&aacute;culos<\/i><\/b><\/font><font color=\"#663300\"><i><\/p>\n<p> Viernes 14 de febrero de 2014<\/i><\/font><\/p>\n<p>&nbsp;<\/p>\n<p><font color=\"#663300\">Fuente:<i> L\u2019Osservatore Romano<\/i>, ed. sem. en lengua espa&ntilde;ola, n. 8, viernes 21 de febrero de 2014<\/font><\/p>\n<p>&nbsp;<\/p>\n<p>Caminar, seguir adelante, m&aacute;s all&aacute; de los obst&aacute;culos. Es &eacute;sta la actitud adecuada para el buen cristiano porque forma parte de su identidad. Es m&aacute;s, un cristiano que no camina, que no sigue adelante &laquo;est&aacute; enfermo en su identidad&raquo;. El Papa Francisco \u2014durante la misa del viernes 14 de febrero\u2014 volvi&oacute; a repetir la invitaci&oacute;n que a menudo dirige a los fieles que encuentra: &laquo;adelante, seguid adelante&raquo;. Y lo hizo al recordar a los patronos de Europa, Cirilo y Metodio, de quienes se celebraba su memoria. Como disc&iacute;pulos, fueron enviados a llevar el mensaje y su caminar, destac&oacute; el Papa, &laquo;nos hace reflexionar sobre la identidad del disc&iacute;pulo&raquo;. <\/p>\n<p>Pero, se pregunt&oacute; el Pont&iacute;fice, &laquo;&iquest;qui&eacute;n es el cristiano?&raquo;, &laquo;&iquest;c&oacute;mo se comporta el cristiano?&raquo;. Su respuesta fue: El cristiano &laquo;es un disc&iacute;pulo. Es un disc&iacute;pulo que es enviado. El Evangelio es claro: El Se&ntilde;or los envi&oacute;, id, &iexcl;seguid adelante! Esto significa que el cristiano es un disc&iacute;pulo del Se&ntilde;or que camina, que va siempre adelante. No se puede pensar en un cristiano quieto. Un cristiano que permanece quieto est&aacute; enfermo en su identidad cristiana&raquo;.<\/p>\n<p>Sin embargo, caminar para el cristiano significa tambi&eacute;n &laquo;ir m&aacute;s all&aacute; de las dificultades&raquo;. Para explicar esta afirmaci&oacute;n el Papa Francisco hizo referencia a la lectura del d&iacute;a tomada de los Hechos de los Ap&oacute;stoles (13, 46-49), en la que Pablo y Bernab&eacute; al ver que en Antioqu&iacute;a de Pisidia los jud&iacute;os no les segu&iacute;an &laquo;se marcharon con los gentiles: &iexcl;adelante!&raquo;. Por lo dem&aacute;s, prosigui&oacute; el Pont&iacute;fice, tambi&eacute;n Jes&uacute;s en las bodas &laquo;obr&oacute; as&iacute;, sigui&oacute; adelante: los invitados no llegaron, todos encontraron un motivo para no ir. &iquest;Dice Jes&uacute;s que no hagamos fiesta? No. Id a los cruces de los caminos, de las calles e invitad a todos, buenos y malos. As&iacute; dice el Evangelio. &iquest;Pero tambi&eacute;n a los malos? Incluso los malos. &iexcl;A todos!&raquo;.<\/p>\n<p>Un segundo aspecto de la identidad del cristiano es que &laquo;debe permanecer siempre como un cordero&raquo;. El Papa Francisco se refiri&oacute; al pasaje del Evangelio de Lucas proclamado poco antes (10, 1-9) y dijo: &laquo;El cristiano es un cordero y debe conservar esta identidad de cordero: \u201c&iexcl;Poneos en camino! Mirad que os mando como corderos en medio de lobos\u201d&raquo;. Es necesario, por lo tanto, permanecer como corderos y &laquo;no convertirse en lobos, porque a veces \u2014precis&oacute; el Santo Padre\u2014 la tentaci&oacute;n nos hace pensar: \u201cesto es dif&iacute;cil, estos lobos son astutos y yo tambi&eacute;n ser&eacute; m&aacute;s astuto que ellos\u201d&raquo;. Por lo tanto permanecer como &laquo;cordero, no como tonto, sino cordero. Cordero, con la astucia cristiana, pero siempre cordero. Porque si t&uacute; eres cordero &Eacute;l te defiende. Pero si te sientes fuerte como el lobo, &Eacute;l no te defiende, te deja solo. Y los lobos te comer&aacute;n crudo&raquo;.<\/p>\n<p>&laquo;&iquest;Cu&aacute;l es el estilo del cristiano en este caminar como cordero?&raquo; se pregunt&oacute; despu&eacute;s el Papa ilustrando el tercer elemento que caracteriza la identidad cristiana. &laquo;La alegr&iacute;a&raquo;, fue su respuesta. Y continu&oacute;: &laquo;La alegr&iacute;a es el estilo del cristiano. El cristiano no puede caminar sin alegr&iacute;a. No se puede caminar como corderos sin alegr&iacute;a&raquo;. Una actitud que hay que mantener siempre, incluso ante los problemas, tambi&eacute;n &laquo;con los propios errores y pecados&raquo; porque &laquo;est&aacute; la alegr&iacute;a de Jes&uacute;s que siempre perdona y ayuda&raquo;.<\/p>\n<p>El Evangelio, repiti&oacute; el obispo de Roma, debe ser llevado al mundo por estos corderos que caminan con alegr&iacute;a. &laquo;No hacen un favor al Se&ntilde;or en la Iglesia \u2014advirti&oacute;\u2014 esos cristianos que tienen un tiempo de adagio quejumbroso, que viven siempre as&iacute;, lament&aacute;ndose de todo, tristes. &Eacute;ste no es el estilo de un disc&iacute;pulo. San Agust&iacute;n dice: &iexcl;sigue, sigue adelante, canta y camina, con la alegr&iacute;a! &Eacute;ste es el estilo del cristiano: anunciar el Evangelio con alegr&iacute;a&raquo;. En cambio &laquo;demasiada tristeza y tambi&eacute;n amargura nos llevan a vivir un as&iacute; llamado cristianismo sin Cristo&raquo;. El cristiano no est&aacute; nunca quieto: es un hombre, una mujer que camina siempre, que va m&aacute;s all&aacute; de las dificultades. Y lo hace con sus fuerzas y con alegr&iacute;a. &laquo;Que el Se&ntilde;or \u2014concluy&oacute;\u2014 nos conceda la gracia de vivir como cristianos que caminan como corderos y con alegr&iacute;a&raquo;.<\/p><\/p>\n","protected":false},"excerpt":{"rendered":"<p>PAPA FRANCISCO MISAS MATUTINAS EN LA CAPILLA DE LA DOMUS SANCTAE MARTHAE Adelante m&aacute;s all&aacute; de los obst&aacute;culos Viernes 14 de febrero de 2014 &nbsp; Fuente: L\u2019Osservatore Romano, ed. sem. en lengua espa&ntilde;ola, n. 8, viernes 21 de febrero de 2014 &nbsp; Caminar, seguir adelante, m&aacute;s all&aacute; de los obst&aacute;culos. Es &eacute;sta la actitud adecuada &hellip; <a href=\"https:\/\/www.biblia.work\/sermones\/adelante-mas-alla-de-los-obstaculos-14-de-febrero-de-2014\/\" class=\"more-link\">Continuar leyendo<span class=\"screen-reader-text\"> \u00abAdelante m\u00e1s all\u00e1 de los obst\u00e1culos (14 de febrero de 2014)\u00bb<\/span><\/a><\/p>\n","protected":false},"author":1,"featured_media":0,"comment_status":"open","ping_status":"closed","sticky":false,"template":"","format":"standard","meta":{"footnotes":""},"categories":[1],"tags":[],"class_list":["post-39314","post","type-post","status-publish","format-standard","hentry","category-general"],"_links":{"self":[{"href":"https:\/\/www.biblia.work\/sermones\/wp-json\/wp\/v2\/posts\/39314","targetHints":{"allow":["GET"]}}],"collection":[{"href":"https:\/\/www.biblia.work\/sermones\/wp-json\/wp\/v2\/posts"}],"about":[{"href":"https:\/\/www.biblia.work\/sermones\/wp-json\/wp\/v2\/types\/post"}],"author":[{"embeddable":true,"href":"https:\/\/www.biblia.work\/sermones\/wp-json\/wp\/v2\/users\/1"}],"replies":[{"embeddable":true,"href":"https:\/\/www.biblia.work\/sermones\/wp-json\/wp\/v2\/comments?post=39314"}],"version-history":[{"count":0,"href":"https:\/\/www.biblia.work\/sermones\/wp-json\/wp\/v2\/posts\/39314\/revisions"}],"wp:attachment":[{"href":"https:\/\/www.biblia.work\/sermones\/wp-json\/wp\/v2\/media?parent=39314"}],"wp:term":[{"taxonomy":"category","embeddable":true,"href":"https:\/\/www.biblia.work\/sermones\/wp-json\/wp\/v2\/categories?post=39314"},{"taxonomy":"post_tag","embeddable":true,"href":"https:\/\/www.biblia.work\/sermones\/wp-json\/wp\/v2\/tags?post=39314"}],"curies":[{"name":"wp","href":"https:\/\/api.w.org\/{rel}","templated":true}]}}