{"id":39598,"date":"2016-10-05T22:55:44","date_gmt":"2016-10-06T03:55:44","guid":{"rendered":"http:\/\/www.biblia.work\/sermones\/8-de-octubre-de-1980-bendicion-de-la-nueva-capilla-hungara-de-la-cripta-de-la-basilica-de-san-pedro\/"},"modified":"2016-10-05T22:55:44","modified_gmt":"2016-10-06T03:55:44","slug":"8-de-octubre-de-1980-bendicion-de-la-nueva-capilla-hungara-de-la-cripta-de-la-basilica-de-san-pedro","status":"publish","type":"post","link":"https:\/\/www.biblia.work\/sermones\/8-de-octubre-de-1980-bendicion-de-la-nueva-capilla-hungara-de-la-cripta-de-la-basilica-de-san-pedro\/","title":{"rendered":"8 de octubre de 1980, Bendici\u00f3n de la nueva capilla h\u00fangara de la cripta de la bas\u00edlica de San Pedro"},"content":{"rendered":"<p align=\"center\"><font color=\"#663300\">SANTA MISA EN LA NUEVA CAPILLA H&Uacute;NGARA <br \/> DE LA CRIPTA DE LA BAS&Iacute;LICA DE SAN PEDRO<\/font><\/p>\n<p align=\"center\"><i><font color=\"#663300\"><b><font size=\"4\">HOMIL&Iacute;A DEL SANTO PADRE JUAN PABLO II<\/font><\/b><\/p>\n<p> Grutas Vaticanas<br \/> Mi&eacute;rcoles 8 de octubre de 1980<\/font><\/i><\/p>\n<p>&nbsp;<\/p>\n<p>&iexcl;Alabado sea Jesucristo!<\/p>\n<p><i>Se&ntilde;or cardenal, <br \/> venerados hermanos en el Episcopado, <br \/> ilustres representantes de la naci&oacute;n h&uacute;ngara, <br \/> queridos fieles:<\/i><\/p>\n<p>Reunidos en torno al altar del Se&ntilde;or para celebrar el Sacrificio eucar&iacute;stico, no es f&aacute;cil expresar la emoci&oacute;n de este momento, intensamente evocativo y denso de recuerdos, que sella, en cierto modo, la conclusi&oacute;n solemne de manifestaciones pluricentenarias ligadas a los albores de la Iglesia en Hungr&iacute;a y a los or&iacute;genes de la naci&oacute;n h&uacute;ngara.<\/p>\n<p>1. Tras la conmemoraci&oacute;n del milenio de la Iglesia en Hungr&iacute;a y del nacimiento y bautismo del Rey San Esteban, a quien mi predecesor Pablo VI exalt&oacute; en la Carta Apost&oacute;lica<i> Sancti Stephani ortum,<\/i> del 6 de agosto de 1970, ha sido solemnemente recordada, precisamente en estos d&iacute;as, la fecha diez veces centenaria del nacimiento de San Gerardo, obispo y m&aacute;rtir.<\/p>\n<p>Al concluir este decenio, marcado por efem&eacute;rides tan significativas, la inauguraci&oacute;n de esta capilla adquiere el patente significado de un sello y un testimonio perenne que, transfigurados por la sugestiva potencia del arte, Indican a las generaciones presentes y futuras el permanente recuerdo de momentos hist&oacute;ricos, siempre vivos en la conciencia nacional y enlazados con la idealidad profunda de un pueblo, cuya conversi&oacute;n a Cristo coincidi&oacute; con el comienzo de la propia civilizaci&oacute;n.<\/p>\n<p>2. Deseando profundizar con vosotros en el valor de esta monumental iniciativa, el primer motivo que se presenta a nuestra atenci&oacute;n es el de un homenaje de devoci&oacute;n a Nuestra Se&ntilde;ora de Hungr&iacute;a, la cual ha sido constantemente implorada por el pueblo, en las horas m&aacute;s cruciales de la vida nacional.<\/p>\n<p>Desde que San Esteban confi&oacute; la sacra corona, s&iacute;mbolo venerado de la unidad nacional, y el pueblo entero a los cuidados de la Virgen Sant&iacute;sima, hasta las horas dolorosas y turbulentas del &uacute;ltimo conflicto mundial, no se ha interrumpido jam&aacute;s la corriente de confiada oraci&oacute;n de los hijos de Hungr&iacute;a hacia Quien, &quot;con su amor materno&quot; se cuida de los hermanos de su Hijo, que todav&iacute;a peregrinan y se hallan en peligros y ansiedad&quot; (<i><a href=\"http:\/\/www.vatican.va\/archive\/hist_councils\/ii_vatican_council\/documents\/vat-ii_const_19641121_lumen-gentium_sp.html\">Lumen gentium<\/a>,<\/i> 62).<\/p>\n<p>3. Otro significado evidente de esta m&iacute;stica capilla es, ciertamente, el de un testimonio de fidelidad al Sucesor de San Pedro. Su donaci&oacute;n, por parte de Pablo VI recuerda el gesto, generoso y pastoral a la vez, del Sumo Pont&iacute;fice Silvestre II, el cual, en su solicitud por la naciente Iglesia h&uacute;ngara, escuch&oacute; el deseo de San Esteban de tener junto a la tumba de San Pedro un Oratorio nacional y una hospeder&iacute;a para los peregrinos de su tierra. La uni&oacute;n de fe y de disciplina con el Romano Pont&iacute;fice est&aacute; simbolizada por este lugar sacro, el cual permanecer&aacute; como signo de la inserci&oacute;n vital de las Iglesias locales de Hungr&iacute;a en la comunidad universal de la Iglesia de Cristo.<\/p>\n<p>4. Al detener despu&eacute;s la mirada en las esculturas que, desde las paredes laterales, sirven de corona a la gran estatua de la Virgen y que representan episodios de la vida de santos y beatos h&uacute;ngaros, nos sentimos estimulados a reflexionar sobre la obra realizada por ellos, en conformidad con el mandato evang&eacute;lico de servir a los propios hermanos, para elevar la condici&oacute;n humana y social de un pueblo que daba todav&iacute;a sus primeros pasos hacia las metas de la civilizaci&oacute;n.<\/p>\n<p>Frente a tantos ejemplos de santidad como han iluminado los primeros siglos de la vida del pueblo h&uacute;ngaro, surge espont&aacute;nea la consideraci&oacute;n de que tal adhesi&oacute;n heroica a Cristo crea hombres profundamente conformes a El (cf.<i> Rom <\/i>8, 29), disponibles a la donaci&oacute;n total de s&iacute; mismos para la afirmaci&oacute;n de la justicia, de la libertad y de la paz. En efecto, como afirma el Concilio Vaticano II, &quot;la santidad suscita un nivel de vida m&aacute;s humano, incluso en la sociedad terrena&quot; (<i><a href=\"http:\/\/www.vatican.va\/archive\/hist_councils\/ii_vatican_council\/documents\/vat-ii_const_19641121_lumen-gentium_sp.html\">Lumen gentium<\/a>,<\/i> 40)<i> 7 <\/i>la fe estimula y alimenta el aut&eacute;ntico progreso civil.<\/p>\n<p>5. Perm&iacute;taseme una &uacute;ltima consideraci&oacute;n. De la obra de los santos que hemos conmemorado naci&oacute; una civilizaci&oacute;n europea basada sobre el Evangelio de Cristo y brot&oacute; el fermento de un aut&eacute;ntico humanismo, empapado de valores perennes, arraig&aacute;ndose adem&aacute;s una obra de promoci&oacute;n civil en el signo y en el respeto del primado de lo espiritual.<\/p>\n<p>La perspectiva abierta entonces por la firmeza de tales testimonios de la fe sigue siendo actual ahora, y constituye el camino maestro para continuar edificando una Europa pac&iacute;fica, solidaria, verdaderamente humana, as&iacute; como para superar oposiciones y contrastes, que corren el riesgo de perturbar la serenidad de los individuos y de las naciones.<\/p>\n<p>Me agrada pensar que esta preciosa y ya tan amada capilla pueda convertirse en un cen&aacute;culo de oraci&oacute;n e inspiraci&oacute;n para cristianos y hombres de buena voluntad, deseosos de ser eficaces operadores de paz en una Europa unida.<\/p>\n<p>6. Con estos sentimientos, manifestando al cardenal primado mi agradecimiento cordial por las nobles y afectuosas palabras que ha querido dirigirme, deseo expresar a cada uno de los aqu&iacute; presentes mi saludo de buen auspicio, que quiere llegar, a trav&eacute;s del silencioso pero seguro camino del coraz&oacute;n, a cada uno de los hijos de Hungr&iacute;a.<\/p>\n<p>A ellos les deseo que sepan conservar fielmente y aumentar cada vez m&aacute;s las riquezas espirituales del pasado; es decir, el valioso patrimonio religioso y el generoso amor a la patria.<\/p>\n<p>Acompa&ntilde;o mis votos con una ferviente oraci&oacute;n a la &quot;Magna Domina hungarorum&quot;, en la confiada certeza de que su materna protecci&oacute;n no defrauda jam&aacute;s las ardientes esperanzas de los propios hijos. Por su intercesi&oacute;n y por la de todos vuestros santos, imploro sobre vosotros, sobre vuestras familias y sobre toda Hungr&iacute;a la abundancia de las bendiciones divinas.<\/p>\n<p>&nbsp;<\/p>\n<p align=\"center\"><font face=\"Times New Roman\" color=\"#663300\" size=\"3\">&copy; Copyright 1980 &#8211; Libreria Editrice Vaticana<\/font><\/p>\n<p align=\"left\"><font face=\"Times New Roman\" color=\"#663300\">&nbsp;<\/font><\/p>\n","protected":false},"excerpt":{"rendered":"<p>SANTA MISA EN LA NUEVA CAPILLA H&Uacute;NGARA DE LA CRIPTA DE LA BAS&Iacute;LICA DE SAN PEDRO HOMIL&Iacute;A DEL SANTO PADRE JUAN PABLO II Grutas Vaticanas Mi&eacute;rcoles 8 de octubre de 1980 &nbsp; &iexcl;Alabado sea Jesucristo! Se&ntilde;or cardenal, venerados hermanos en el Episcopado, ilustres representantes de la naci&oacute;n h&uacute;ngara, queridos fieles: Reunidos en torno al altar &hellip; <a href=\"https:\/\/www.biblia.work\/sermones\/8-de-octubre-de-1980-bendicion-de-la-nueva-capilla-hungara-de-la-cripta-de-la-basilica-de-san-pedro\/\" class=\"more-link\">Continuar leyendo<span class=\"screen-reader-text\"> \u00ab8 de octubre de 1980, Bendici\u00f3n de la nueva capilla h\u00fangara de la cripta de la bas\u00edlica de San Pedro\u00bb<\/span><\/a><\/p>\n","protected":false},"author":1,"featured_media":0,"comment_status":"open","ping_status":"closed","sticky":false,"template":"","format":"standard","meta":{"footnotes":""},"categories":[1],"tags":[],"class_list":["post-39598","post","type-post","status-publish","format-standard","hentry","category-general"],"_links":{"self":[{"href":"https:\/\/www.biblia.work\/sermones\/wp-json\/wp\/v2\/posts\/39598","targetHints":{"allow":["GET"]}}],"collection":[{"href":"https:\/\/www.biblia.work\/sermones\/wp-json\/wp\/v2\/posts"}],"about":[{"href":"https:\/\/www.biblia.work\/sermones\/wp-json\/wp\/v2\/types\/post"}],"author":[{"embeddable":true,"href":"https:\/\/www.biblia.work\/sermones\/wp-json\/wp\/v2\/users\/1"}],"replies":[{"embeddable":true,"href":"https:\/\/www.biblia.work\/sermones\/wp-json\/wp\/v2\/comments?post=39598"}],"version-history":[{"count":0,"href":"https:\/\/www.biblia.work\/sermones\/wp-json\/wp\/v2\/posts\/39598\/revisions"}],"wp:attachment":[{"href":"https:\/\/www.biblia.work\/sermones\/wp-json\/wp\/v2\/media?parent=39598"}],"wp:term":[{"taxonomy":"category","embeddable":true,"href":"https:\/\/www.biblia.work\/sermones\/wp-json\/wp\/v2\/categories?post=39598"},{"taxonomy":"post_tag","embeddable":true,"href":"https:\/\/www.biblia.work\/sermones\/wp-json\/wp\/v2\/tags?post=39598"}],"curies":[{"name":"wp","href":"https:\/\/api.w.org\/{rel}","templated":true}]}}