{"id":39609,"date":"2016-10-05T22:56:04","date_gmt":"2016-10-06T03:56:04","guid":{"rendered":"http:\/\/www.biblia.work\/sermones\/3-de-septiembre-de-1980-concelebracion-eucaristica-con-un-grupo-de-consiliarios-eclesiasticos\/"},"modified":"2016-10-05T22:56:04","modified_gmt":"2016-10-06T03:56:04","slug":"3-de-septiembre-de-1980-concelebracion-eucaristica-con-un-grupo-de-consiliarios-eclesiasticos","status":"publish","type":"post","link":"https:\/\/www.biblia.work\/sermones\/3-de-septiembre-de-1980-concelebracion-eucaristica-con-un-grupo-de-consiliarios-eclesiasticos\/","title":{"rendered":"3 de septiembre de 1980, Concelebraci\u00f3n eucar\u00edstica con un grupo de consiliarios eclesi\u00e1sticos"},"content":{"rendered":"<p align=\"center\"><font color=\"#663300\">CONCELEBRACI&Oacute;N EUCAR&Iacute;STICA <br \/> CON UN GRUPO DE CONSILIARIOS ECLESI&Aacute;STICOS<\/font><\/p>\n<p align=\"center\"><font color=\"#663300\"><b><i><font size=\"4\">HOMIL&Iacute;A DEL SANTO PADRE JUAN PABLO II<br \/> <\/font><\/i><br \/> <\/b><i>Sala de los Suizos, Castelgandolfo<br \/> Mi&eacute;rcoles 3 de septiembre de 1980<\/i><\/font><\/p>\n<p>&nbsp;<\/p>\n<p>1. Estoy contento de poder celebrar esta ma&ntilde;ana, en el d&iacute;a en que la liturgia de la Misa nos recuerda la figura espl&eacute;ndida del Papa San Gregorio Magno, el Sacrificio Eucar&iacute;stico juntamente con vosotros, consiliarios eclesi&aacute;sticos de los cultivadores directos, y con vosotros, consiliarios del Movimiento apost&oacute;lico de ciegos, reunidos en Roma para vuestros respectivos congresos nacionales.<\/p>\n<p>Ante todo, elevemos ante el altar nuestro agradecimiento al Se&ntilde;or por este particular encuentro lit&uacute;rgico y por todos los dones inefables que El concede continuamente a la Iglesia, su Esposa amada, a todos los sacerdotes con cura de almas y a vosotros sacerdotes, que desarroll&aacute;is un ministerio, no siempre f&aacute;cil, de gu&iacute;a y animaci&oacute;n cristiana en medio de los generosos trabajadores de los campos y de los queridos hermanos invidentes. Invoquemos, pues, luz y consuelo sobre los trabajos que desarrollar&eacute;is en estos d&iacute;as y de los que esperan mucho quienes est&aacute;n bajo vuestra asistencia para la soluci&oacute;n de tantos problemas espirituales y sociales, que los agobian cada d&iacute;a.<\/p>\n<p>En vuestro delicado apostolado, sois conscientes de la necesidad de tener siempre esp&iacute;ritu de aut&eacute;nticos Pastores, sol&iacute;citos no s&oacute;lo de la asistencia material, ciertamente necesaria y obligada, sino , tambi&eacute;n y sobre todo de la espiritual, a ejemplo de San Gregorio Magno, que en su infatigable dedicaci&oacute;n pastoral, supo armonizar tan bien la promoci&oacute;n de las leg&iacute;timas exigencias temporales con las espirituales, a las que naturalmente atribuy&oacute; la primac&iacute;a, hasta el punto de merecer el elogio de<i> buen Pastor,<\/i> que le ha dedicado la Iglesia con las lecturas que acabamos de escuchar en el libro del Profeta Ezequiel (34, 11-16) y en el Evangelio seg&uacute;n Juan (10, 11-16).<\/p>\n<p>2.&nbsp;La tarea de consiliarios eclesi&aacute;sticos diocesanos de los cultivadores directos asume una importancia y una delicadeza que es f&aacute;cil imaginar, si se piensa que vosotros sois enviados por la Iglesia para trabajar &quot;como sacerdotes&quot;, y por lo tanto como ministros de la verdad y de la gracia. Ciertamente vuestra misi&oacute;n es hacer que la promoci&oacute;n econ&oacute;mica del mundo rural est&eacute; siempre inspirada en los grandes valores espirituales y morales del Evangelio, tal como emergen y los presenta la ense&ntilde;anza social de la Iglesia.<\/p>\n<p>Esta ense&ntilde;anza, continuamente propuesta en su integridad y actualidad, llama a opciones a veces exigentes, que no podr&aacute;n ser globalmente acogidas, a no ser que cada una de las personas y familias tengan bien presentes las orientaciones de la fe.<\/p>\n<p>A este prop&oacute;sito quiero renovar la exhortaci&oacute;n, que ya os dirigi&oacute; mi venerado predecesor Pablo VI, a realizar &quot;una acci&oacute;n m&aacute;s intensa formativa y religiosa, especialmente entre los j&oacute;venes&quot; a los cuales se debe ofrecer una visi&oacute;n integral del hombre en todas sus dimensiones y valores, sin la cual es imposible dar una respuesta adecuada, coherente y estable a los interrogantes relacionados con el matrimonio y con la familia en la hora presente.<\/p>\n<p>A vosotros, consiliarios del Movimiento de invidentes, expreso un especial agradecimiento y os animo por todo lo que hac&eacute;is en favor de una clase de personas tan probadas, pero tambi&eacute;n tan generosas en sus valiosos servicios a la sociedad. &iexcl;Qu&eacute; hermosa y significativa es vuestra presencia de amigos y de sacerdotes, y cu&aacute;nto consuelo y luz puede llevarles! Sabed suscitar en sus esp&iacute;ritus energ&iacute;a y buena voluntad por el bien de la Iglesia y de la sociedad, y sed para ellos instrumentos de alegr&iacute;a cristiana y ministros de salvaci&oacute;n eterna.<\/p>\n<p>3.&nbsp;Finalmente, me congratulo con todos los presentes por la sensibilidad eclesial en unir y coordinar la acci&oacute;n educativa espec&iacute;fica que vosotros desarroll&aacute;is, por medio de los programas pastorales de las Iglesias particulares, que llev&aacute;is adelante para hacer cada vez m&aacute;s integradas e id&oacute;neas las varias experiencias de evangelizaci&oacute;n.<\/p>\n<p>Invoco ahora con gran confianza la gracia del Se&ntilde;or, por intercesi&oacute;n de la Virgen Sant&iacute;sima y de San Gregorio, sobre estas tareas, mientras os imparto de coraz&oacute;n la propiciadora bendici&oacute;n apost&oacute;lica, extensiva a todos aquellos a quienes prest&aacute;is vuestra asistencia y a todos vuestros seres queridos.<\/p>\n<p align=\"left\">&nbsp;<\/p>\n<p align=\"center\"><font face=\"Times New Roman\" color=\"#663300\" size=\"3\">&copy; Copyright 1980 &#8211; Libreria Editrice Vaticana<\/font><\/p>\n<p align=\"left\"><font face=\"Times New Roman\" color=\"#663300\">&nbsp;<\/font><\/p>\n","protected":false},"excerpt":{"rendered":"<p>CONCELEBRACI&Oacute;N EUCAR&Iacute;STICA CON UN GRUPO DE CONSILIARIOS ECLESI&Aacute;STICOS HOMIL&Iacute;A DEL SANTO PADRE JUAN PABLO II Sala de los Suizos, Castelgandolfo Mi&eacute;rcoles 3 de septiembre de 1980 &nbsp; 1. Estoy contento de poder celebrar esta ma&ntilde;ana, en el d&iacute;a en que la liturgia de la Misa nos recuerda la figura espl&eacute;ndida del Papa San Gregorio Magno, &hellip; <a href=\"https:\/\/www.biblia.work\/sermones\/3-de-septiembre-de-1980-concelebracion-eucaristica-con-un-grupo-de-consiliarios-eclesiasticos\/\" class=\"more-link\">Continuar leyendo<span class=\"screen-reader-text\"> \u00ab3 de septiembre de 1980, Concelebraci\u00f3n eucar\u00edstica con un grupo de consiliarios eclesi\u00e1sticos\u00bb<\/span><\/a><\/p>\n","protected":false},"author":1,"featured_media":0,"comment_status":"open","ping_status":"closed","sticky":false,"template":"","format":"standard","meta":{"footnotes":""},"categories":[1],"tags":[],"class_list":["post-39609","post","type-post","status-publish","format-standard","hentry","category-general"],"_links":{"self":[{"href":"https:\/\/www.biblia.work\/sermones\/wp-json\/wp\/v2\/posts\/39609","targetHints":{"allow":["GET"]}}],"collection":[{"href":"https:\/\/www.biblia.work\/sermones\/wp-json\/wp\/v2\/posts"}],"about":[{"href":"https:\/\/www.biblia.work\/sermones\/wp-json\/wp\/v2\/types\/post"}],"author":[{"embeddable":true,"href":"https:\/\/www.biblia.work\/sermones\/wp-json\/wp\/v2\/users\/1"}],"replies":[{"embeddable":true,"href":"https:\/\/www.biblia.work\/sermones\/wp-json\/wp\/v2\/comments?post=39609"}],"version-history":[{"count":0,"href":"https:\/\/www.biblia.work\/sermones\/wp-json\/wp\/v2\/posts\/39609\/revisions"}],"wp:attachment":[{"href":"https:\/\/www.biblia.work\/sermones\/wp-json\/wp\/v2\/media?parent=39609"}],"wp:term":[{"taxonomy":"category","embeddable":true,"href":"https:\/\/www.biblia.work\/sermones\/wp-json\/wp\/v2\/categories?post=39609"},{"taxonomy":"post_tag","embeddable":true,"href":"https:\/\/www.biblia.work\/sermones\/wp-json\/wp\/v2\/tags?post=39609"}],"curies":[{"name":"wp","href":"https:\/\/api.w.org\/{rel}","templated":true}]}}