{"id":6593,"date":"2016-02-16T20:10:06","date_gmt":"2016-02-17T01:10:06","guid":{"rendered":"http:\/\/www.biblia.work\/sermones\/devocionales-la-necesidad-de-alimento\/"},"modified":"2016-02-16T20:10:06","modified_gmt":"2016-02-17T01:10:06","slug":"devocionales-la-necesidad-de-alimento","status":"publish","type":"post","link":"https:\/\/www.biblia.work\/sermones\/devocionales-la-necesidad-de-alimento\/","title":{"rendered":"Devocionales: La necesidad de alimento"},"content":{"rendered":"<p>Conf\u00eda en Jehov\u00e1, y haz el bien; y habitar\u00e1s en la tierra, y te apacentar\u00e1s de la verdad. &#8212;Salmo 37:3<\/p>\n<p>Nuestro nieto Cameron naci\u00f3 seis semanas prematuro. Como ten\u00eda un tama\u00f1o y peso menores que lo normal y estaba en peligro, qued\u00f3 internado en la unidad de reci\u00e9n nacidos del hospital por unas dos semanas hasta que ganara suficiente peso como para ir a casa. Su mayor desaf\u00edo era que, en el esfuerzo f\u00edsico que realizaba para alimentarse, quemaba m\u00e1s calor\u00edas de las que estaba adquiriendo. Esto obviamente era un obst\u00e1culo para su crecimiento. Parec\u00eda que el peque\u00f1ito retroced\u00eda dos pasos por cada uno que avanzaba.<\/p>\n<p>No hab\u00eda medicina o tratamiento que pudiera resolver el problema: simplemente necesitaba la reconstituci\u00f3n provista por el alimento.<\/p>\n<p>Como seguidores de Cristo, constantemente encontramos que nuestras reservas emocionales y espirituales se agotan por causa de los desaf\u00edos de la vida en un mundo ca\u00eddo. En tales momentos, necesitamos el alimento para fortalecernos. En el Salmo 37, David nos alent\u00f3 a fortalecer nuestros corazones alimentando nuestras almas. \u00c9l escribi\u00f3: &#171;Conf\u00eda en Jehov\u00e1, y haz el bien; y habitar\u00e1s en la tierra, y te apacentar\u00e1s de la verdad&#187; (v. 3).<\/p>\n<p>Cuando la debilidad nos aflige, la seguridad y la tranquilidad de la fidelidad interminable de Dios puede darnos la capacidad para seguir adelante en Su nombre. Su fiel cuidado es el alimento que necesitamos, d\u00e1ndonos, tal y como dice el himno &#171;Oh, Tu fidelidad&#187;: &#171;Eres mi fuerza, mi fe, mi reposo&#187; <\/p>\n","protected":false},"excerpt":{"rendered":"<p>Conf\u00eda en Jehov\u00e1, y haz el bien; y habitar\u00e1s en la tierra, y te apacentar\u00e1s de la verdad. &#8212;Salmo 37:3 Nuestro nieto Cameron naci\u00f3 seis semanas prematuro. Como ten\u00eda un tama\u00f1o y peso menores que lo normal y estaba en peligro, qued\u00f3 internado en la unidad de reci\u00e9n nacidos del hospital por unas dos semanas &hellip; <a href=\"https:\/\/www.biblia.work\/sermones\/devocionales-la-necesidad-de-alimento\/\" class=\"more-link\">Continuar leyendo<span class=\"screen-reader-text\"> \u00abDevocionales: La necesidad de alimento\u00bb<\/span><\/a><\/p>\n","protected":false},"author":1,"featured_media":0,"comment_status":"open","ping_status":"open","sticky":false,"template":"","format":"standard","meta":{"footnotes":""},"categories":[1],"tags":[],"class_list":["post-6593","post","type-post","status-publish","format-standard","hentry","category-general"],"_links":{"self":[{"href":"https:\/\/www.biblia.work\/sermones\/wp-json\/wp\/v2\/posts\/6593","targetHints":{"allow":["GET"]}}],"collection":[{"href":"https:\/\/www.biblia.work\/sermones\/wp-json\/wp\/v2\/posts"}],"about":[{"href":"https:\/\/www.biblia.work\/sermones\/wp-json\/wp\/v2\/types\/post"}],"author":[{"embeddable":true,"href":"https:\/\/www.biblia.work\/sermones\/wp-json\/wp\/v2\/users\/1"}],"replies":[{"embeddable":true,"href":"https:\/\/www.biblia.work\/sermones\/wp-json\/wp\/v2\/comments?post=6593"}],"version-history":[{"count":0,"href":"https:\/\/www.biblia.work\/sermones\/wp-json\/wp\/v2\/posts\/6593\/revisions"}],"wp:attachment":[{"href":"https:\/\/www.biblia.work\/sermones\/wp-json\/wp\/v2\/media?parent=6593"}],"wp:term":[{"taxonomy":"category","embeddable":true,"href":"https:\/\/www.biblia.work\/sermones\/wp-json\/wp\/v2\/categories?post=6593"},{"taxonomy":"post_tag","embeddable":true,"href":"https:\/\/www.biblia.work\/sermones\/wp-json\/wp\/v2\/tags?post=6593"}],"curies":[{"name":"wp","href":"https:\/\/api.w.org\/{rel}","templated":true}]}}