{"id":6609,"date":"2016-02-16T20:10:37","date_gmt":"2016-02-17T01:10:37","guid":{"rendered":"http:\/\/www.biblia.work\/sermones\/el-respeto-a-mi-mismo-el-valor-de-las-personas\/"},"modified":"2016-02-16T20:10:37","modified_gmt":"2016-02-17T01:10:37","slug":"el-respeto-a-mi-mismo-el-valor-de-las-personas","status":"publish","type":"post","link":"https:\/\/www.biblia.work\/sermones\/el-respeto-a-mi-mismo-el-valor-de-las-personas\/","title":{"rendered":"El respeto a mi mismo &#8211; El valor de las personas"},"content":{"rendered":"<p>Yo valgo porque Dios me provey\u00f3 de valores personales profundos. No tengo que gan\u00e1rmelos.<\/p>\n<p>El respeto a m\u00ed mismo se nutre de esos valores, que conozco y llevo Dentro de m\u00ed. Poseo esos valores. Son m\u00edos. Debo de nutrirlos y cuidar de ellos, ya que corro el peligro de que se deformen, amenazados como est\u00e1n por una sociedad orientada hacia el \u00e9xito material.<\/p>\n<p>Si logro salvar las trampas que me tiende ese \u00e9xito, si no me \u00abadorno\u00bb de \u00e9xitos de ese tipo a expensas de los dem\u00e1s, conservar\u00e9 el respeto de m\u00ed mismo. Dar\u00e9 entonces m\u00e1s importancia a aquellos actos que expresen mi val\u00eda -don maravilloso que me ha sido dado-, proyect\u00e1ndola hacia los otros. Esta es mi motivaci\u00f3n primera, lo que me impulsa a ser mejor lo que puedo.<\/p>\n<p>Mi val\u00eda es mi mundo. Me comprometo y cumplo mi palabra. Esto, Es m\u00e1s importante, es crucial.<\/p>\n<p>A los dem\u00e1s les digo: \u00abValgo tanto como t\u00fa. Intercambiemos valores. Yo te ofrezco lo mejor de m\u00ed mismo, esperando que me correspondas de la misma manera.\u00bb<\/p>\n<p>\u00abRecuerda que lo interno es m\u00e1s importante, aquellos que se interesan s\u00f3lo por lo externo est\u00e1n condenados a llevar una vida muy superficial.\u00bb <\/p>\n","protected":false},"excerpt":{"rendered":"<p>Yo valgo porque Dios me provey\u00f3 de valores personales profundos. No tengo que gan\u00e1rmelos. El respeto a m\u00ed mismo se nutre de esos valores, que conozco y llevo Dentro de m\u00ed. Poseo esos valores. Son m\u00edos. Debo de nutrirlos y cuidar de ellos, ya que corro el peligro de que se deformen, amenazados como est\u00e1n &hellip; <a href=\"https:\/\/www.biblia.work\/sermones\/el-respeto-a-mi-mismo-el-valor-de-las-personas\/\" class=\"more-link\">Continuar leyendo<span class=\"screen-reader-text\"> \u00abEl respeto a mi mismo &#8211; El valor de las personas\u00bb<\/span><\/a><\/p>\n","protected":false},"author":1,"featured_media":0,"comment_status":"open","ping_status":"open","sticky":false,"template":"","format":"standard","meta":{"footnotes":""},"categories":[1],"tags":[],"class_list":["post-6609","post","type-post","status-publish","format-standard","hentry","category-general"],"_links":{"self":[{"href":"https:\/\/www.biblia.work\/sermones\/wp-json\/wp\/v2\/posts\/6609","targetHints":{"allow":["GET"]}}],"collection":[{"href":"https:\/\/www.biblia.work\/sermones\/wp-json\/wp\/v2\/posts"}],"about":[{"href":"https:\/\/www.biblia.work\/sermones\/wp-json\/wp\/v2\/types\/post"}],"author":[{"embeddable":true,"href":"https:\/\/www.biblia.work\/sermones\/wp-json\/wp\/v2\/users\/1"}],"replies":[{"embeddable":true,"href":"https:\/\/www.biblia.work\/sermones\/wp-json\/wp\/v2\/comments?post=6609"}],"version-history":[{"count":0,"href":"https:\/\/www.biblia.work\/sermones\/wp-json\/wp\/v2\/posts\/6609\/revisions"}],"wp:attachment":[{"href":"https:\/\/www.biblia.work\/sermones\/wp-json\/wp\/v2\/media?parent=6609"}],"wp:term":[{"taxonomy":"category","embeddable":true,"href":"https:\/\/www.biblia.work\/sermones\/wp-json\/wp\/v2\/categories?post=6609"},{"taxonomy":"post_tag","embeddable":true,"href":"https:\/\/www.biblia.work\/sermones\/wp-json\/wp\/v2\/tags?post=6609"}],"curies":[{"name":"wp","href":"https:\/\/api.w.org\/{rel}","templated":true}]}}