{"id":6638,"date":"2016-02-16T20:11:37","date_gmt":"2016-02-17T01:11:37","guid":{"rendered":"http:\/\/www.biblia.work\/sermones\/programa-radial-en-esto-pensad\/"},"modified":"2016-02-16T20:11:37","modified_gmt":"2016-02-17T01:11:37","slug":"programa-radial-en-esto-pensad","status":"publish","type":"post","link":"https:\/\/www.biblia.work\/sermones\/programa-radial-en-esto-pensad\/","title":{"rendered":"Programa Radial &#8211; En Esto Pensad"},"content":{"rendered":"<p> En Esto Pensad es un programa radial de 15 minutos de corte evangel\u00edstico.<\/p>\n<p>En su confecci\u00f3n el ministerio que lo produce ha tomado en cuenta al pueblo evang\u00e9lico al cual procuran alimentar con mensajes de m\u00e1s profundidad que la que por lo general se considera \u00abel evangelio\u00bb.<\/p>\n<p>Producidos por ministerios audio-lit, la voz del exponente es del hermano pastor Mariano Gonz\u00e1les. Le invitamos a no perderse ninguno de estos audios. <\/p>\n<p>Para escuchar hacer Clic en Play del reproductor del tema de su inter\u00e9s y espere unos segundos.<br \/>Tema: Predicando en Evangelio<br \/>Duraci\u00f3n: 14:34 min.<\/p>\n<p>Tema: Clonacion de ovejas <br \/>Duraci\u00f3n: 14:38 min.<\/p>\n<p>Tema: El Rapto de la Iglesia<br \/>Duraci\u00f3n: 14:18 min.<\/p>\n<p>Tema: Amigo de publicanos y pecadores<br \/>Duraci\u00f3n: 14:24 min.<\/p>\n<p>Tema: Aque iglesia debo ir <br \/>Duraci\u00f3n: 14:54 min.<\/p>\n<p>Tema: Adelante o atr\u00e1s <br \/>Duraci\u00f3n: 14:12 min.<\/p>\n<p>Tema: Atenci\u00f3n padres<br \/>Duraci\u00f3n: 13: 34 min.<\/p>\n<p>Tema: Tres pasos para resolver el dilema del pecado 1 <br \/>Duraci\u00f3n: 14: 46 min.<\/p>\n<p>Tema: Tres pasos para resolver el dilema del pecado 2<br \/>Duraci\u00f3n: 14: 53 min.<\/p>\n<p><\/p>\n","protected":false},"excerpt":{"rendered":"<p>En Esto Pensad es un programa radial de 15 minutos de corte evangel\u00edstico. En su confecci\u00f3n el ministerio que lo produce ha tomado en cuenta al pueblo evang\u00e9lico al cual procuran alimentar con mensajes de m\u00e1s profundidad que la que por lo general se considera \u00abel evangelio\u00bb. Producidos por ministerios audio-lit, la voz del exponente &hellip; <a href=\"https:\/\/www.biblia.work\/sermones\/programa-radial-en-esto-pensad\/\" class=\"more-link\">Continuar leyendo<span class=\"screen-reader-text\"> \u00abPrograma Radial &#8211; En Esto Pensad\u00bb<\/span><\/a><\/p>\n","protected":false},"author":1,"featured_media":0,"comment_status":"open","ping_status":"open","sticky":false,"template":"","format":"standard","meta":{"footnotes":""},"categories":[1],"tags":[],"class_list":["post-6638","post","type-post","status-publish","format-standard","hentry","category-general"],"_links":{"self":[{"href":"https:\/\/www.biblia.work\/sermones\/wp-json\/wp\/v2\/posts\/6638","targetHints":{"allow":["GET"]}}],"collection":[{"href":"https:\/\/www.biblia.work\/sermones\/wp-json\/wp\/v2\/posts"}],"about":[{"href":"https:\/\/www.biblia.work\/sermones\/wp-json\/wp\/v2\/types\/post"}],"author":[{"embeddable":true,"href":"https:\/\/www.biblia.work\/sermones\/wp-json\/wp\/v2\/users\/1"}],"replies":[{"embeddable":true,"href":"https:\/\/www.biblia.work\/sermones\/wp-json\/wp\/v2\/comments?post=6638"}],"version-history":[{"count":0,"href":"https:\/\/www.biblia.work\/sermones\/wp-json\/wp\/v2\/posts\/6638\/revisions"}],"wp:attachment":[{"href":"https:\/\/www.biblia.work\/sermones\/wp-json\/wp\/v2\/media?parent=6638"}],"wp:term":[{"taxonomy":"category","embeddable":true,"href":"https:\/\/www.biblia.work\/sermones\/wp-json\/wp\/v2\/categories?post=6638"},{"taxonomy":"post_tag","embeddable":true,"href":"https:\/\/www.biblia.work\/sermones\/wp-json\/wp\/v2\/tags?post=6638"}],"curies":[{"name":"wp","href":"https:\/\/api.w.org\/{rel}","templated":true}]}}