{"id":6808,"date":"2016-02-16T20:17:18","date_gmt":"2016-02-17T01:17:18","guid":{"rendered":"http:\/\/www.biblia.work\/sermones\/mes-de-la-biblia-dia-de-la-biblia\/"},"modified":"2016-02-16T20:17:18","modified_gmt":"2016-02-17T01:17:18","slug":"mes-de-la-biblia-dia-de-la-biblia","status":"publish","type":"post","link":"https:\/\/www.biblia.work\/sermones\/mes-de-la-biblia-dia-de-la-biblia\/","title":{"rendered":"Mes de la Biblia &#8211; D\u00eda de la Biblia"},"content":{"rendered":"<p>El d\u00eda de la Biblia es una celebraci\u00f3n que se hace en varios pa\u00edses, los cuales no coinciden necesariamente en una misma fecha, aparte de ser realizada por diferentes grupos religiosos que se relacionan con la Biblia en alguna manera, entre ellos: evang\u00e9licos, cat\u00f3licos romanos y ortodoxos.<\/p>\n<p>La Sociedad B\u00edblica, al igual que en otros pa\u00edses, ha sido la responsable de impulsar la campa\u00f1a de la celebraci\u00f3n del mes de la Biblia, el cual es el mes de septiembre.<\/p>\n<p>&#191;Por qu\u00e9 Septiembre es el mes de la Biblia?<\/p>\n<p>Debido a que la Sociedad B\u00edblica mantiene lazos tanto con la iglesia evang\u00e9lica como con el Vaticano, \u00e9sta ha constituido el mes de Septiembre como mes de la Biblia por dos razones:<br \/>1) Para los cat\u00f3licos: Porque el 30 de septiembre es el d\u00eda de San Jer\u00f3nimo, el hombre que dedic\u00f3 su vida al estudio y a la traducci\u00f3n de la Biblia al lat\u00edn.<br \/>2) Para los evang\u00e9licos: Porque el 26 de septiembre de 1569 se termin\u00f3 de imprimir la primera Biblia traducida al espa\u00f1ol por Casiodoro de Reina llamada &#8220;Biblia del Oso&#8221;. Se llamaba as\u00ed porque la tapa de esta Biblia ten\u00eda un oso comiendo miel desde un panal. Esta traducci\u00f3n, que posteriormente fue revisada por Cipriano de Valera, dio origen a la famosa versi\u00f3n &#8220;Reina Valera&#8221;.<\/p>\n<p>Del &#8220;Mes de la Biblia&#8221; se desprende &#8220;el D\u00eda de la Biblia&#8221; el cual es conmemorado en varios pa\u00edses, aunque en distintas fechas, entre ellos: Argentina (cuarto domingo de septiembre), Venezuela, Nicaragua (\u00faltimo domingo de septiembre), Rep\u00fablica Dominicana (27 de septiembre), etc. En estos dos \u00faltimos pa\u00edses, dicho d\u00eda se encuentra institucionalizado por ley.<\/p>\n<p>M\u00e1s temas sobre el Mes de la Biblia, Clic Aqui<\/p>\n","protected":false},"excerpt":{"rendered":"<p>El d\u00eda de la Biblia es una celebraci\u00f3n que se hace en varios pa\u00edses, los cuales no coinciden necesariamente en una misma fecha, aparte de ser realizada por diferentes grupos religiosos que se relacionan con la Biblia en alguna manera, entre ellos: evang\u00e9licos, cat\u00f3licos romanos y ortodoxos. La Sociedad B\u00edblica, al igual que en otros &hellip; <a href=\"https:\/\/www.biblia.work\/sermones\/mes-de-la-biblia-dia-de-la-biblia\/\" class=\"more-link\">Continuar leyendo<span class=\"screen-reader-text\"> \u00abMes de la Biblia &#8211; D\u00eda de la Biblia\u00bb<\/span><\/a><\/p>\n","protected":false},"author":1,"featured_media":0,"comment_status":"open","ping_status":"open","sticky":false,"template":"","format":"standard","meta":{"footnotes":""},"categories":[1],"tags":[],"class_list":["post-6808","post","type-post","status-publish","format-standard","hentry","category-general"],"_links":{"self":[{"href":"https:\/\/www.biblia.work\/sermones\/wp-json\/wp\/v2\/posts\/6808","targetHints":{"allow":["GET"]}}],"collection":[{"href":"https:\/\/www.biblia.work\/sermones\/wp-json\/wp\/v2\/posts"}],"about":[{"href":"https:\/\/www.biblia.work\/sermones\/wp-json\/wp\/v2\/types\/post"}],"author":[{"embeddable":true,"href":"https:\/\/www.biblia.work\/sermones\/wp-json\/wp\/v2\/users\/1"}],"replies":[{"embeddable":true,"href":"https:\/\/www.biblia.work\/sermones\/wp-json\/wp\/v2\/comments?post=6808"}],"version-history":[{"count":0,"href":"https:\/\/www.biblia.work\/sermones\/wp-json\/wp\/v2\/posts\/6808\/revisions"}],"wp:attachment":[{"href":"https:\/\/www.biblia.work\/sermones\/wp-json\/wp\/v2\/media?parent=6808"}],"wp:term":[{"taxonomy":"category","embeddable":true,"href":"https:\/\/www.biblia.work\/sermones\/wp-json\/wp\/v2\/categories?post=6808"},{"taxonomy":"post_tag","embeddable":true,"href":"https:\/\/www.biblia.work\/sermones\/wp-json\/wp\/v2\/tags?post=6808"}],"curies":[{"name":"wp","href":"https:\/\/api.w.org\/{rel}","templated":true}]}}